{"id":5118,"date":"2022-10-14T16:27:25","date_gmt":"2022-10-14T14:27:25","guid":{"rendered":"https:\/\/agora.xtec.cat\/ceip-antoni-gaudi\/?p=5118"},"modified":"2022-10-14T16:27:25","modified_gmt":"2022-10-14T14:27:25","slug":"lectura-de-linvisible-a-sise","status":"publish","type":"post","link":"https:\/\/agora.xtec.cat\/ceip-antoni-gaudi\/general\/lectura-de-linvisible-a-sise\/","title":{"rendered":"Lectura de l&#8217;invisible a sis\u00e8"},"content":{"rendered":"<p>Qui no ha desitjat alguna vegada ser invisible?<\/p>\n<p>Qui no ha desitjat alguna vegada deixar de ser-ho?<\/p>\n<p align=\"justify\">Els i les alumnes de 6\u00e8, aquesta setmana hem comen\u00e7at a llegir la novel\u00b7la \u201cInvisible\u201d, d\u2019Eloy Moreno. Una hist\u00f2ria, recomanada a totes les edats, que ens parla sobre l\u2019assetjament escolar vist des de tots els rols possibles. Els qui pateixen bullying, els assetjadors i els que decideixen ser espectadors de la situaci\u00f3. Una hist\u00f2ria que malauradament ens ajudar\u00e0 a obrir els ulls a una realitat que poc t\u00e9 de ficci\u00f3.<\/p>\n<p align=\"justify\"><a href=\"https:\/\/photos.app.goo.gl\/7LaMKnFbKrbSk6rZ6\"><img loading=\"lazy\" decoding=\"async\" class=\"\" src=\"https:\/\/agora.xtec.cat\/ceip-antoni-gaudi\/wp-content\/uploads\/usu683\/2022\/10\/c9016a92-59c4-41db-b8f6-a0ce3e7e1a11.jpg\" width=\"278\" height=\"370\" \/><\/a><\/p>\n<p align=\"justify\">\n","protected":false},"excerpt":{"rendered":"<p>Qui no ha desitjat alguna vegada ser invisible?<br \/>\nQui no ha desitjat alguna vegada deixar de ser-ho?<br \/>\nEls i les alumnes de 6\u00e8, aquesta setmana hem comen\u00e7at a llegir la novel\u00b7la \u201cInvisible\u201d, d\u2019Eloy Moreno. Una hist\u00f2ria, recomanada a totes les edats, que ens parla sobre l\u2019assetjament escolar&hellip;  <a href=\"https:\/\/agora.xtec.cat\/ceip-antoni-gaudi\/general\/lectura-de-linvisible-a-sise\/\" title=\"Read Lectura de l&#8217;invisible a sis\u00e8\">Llegeix m\u00e9s\u00bb<\/a><\/p>\n","protected":false},"author":5,"featured_media":5119,"comment_status":"open","ping_status":"closed","sticky":false,"template":"","format":"standard","meta":{"_bbp_topic_count":0,"_bbp_reply_count":0,"_bbp_total_topic_count":0,"_bbp_total_reply_count":0,"_bbp_voice_count":0,"_bbp_anonymous_reply_count":0,"_bbp_topic_count_hidden":0,"_bbp_reply_count_hidden":0,"_bbp_forum_subforum_count":0,"footnotes":""},"categories":[1,15,4,229,5],"tags":[],"class_list":["post-5118","post","type-post","status-publish","format-standard","has-post-thumbnail","hentry","category-general","category-p6","category-portada","category-portada-portada","category-primaria"],"post_mailing_queue_ids":[],"_links":{"self":[{"href":"https:\/\/agora.xtec.cat\/ceip-antoni-gaudi\/wp-json\/wp\/v2\/posts\/5118","targetHints":{"allow":["GET"]}}],"collection":[{"href":"https:\/\/agora.xtec.cat\/ceip-antoni-gaudi\/wp-json\/wp\/v2\/posts"}],"about":[{"href":"https:\/\/agora.xtec.cat\/ceip-antoni-gaudi\/wp-json\/wp\/v2\/types\/post"}],"author":[{"embeddable":true,"href":"https:\/\/agora.xtec.cat\/ceip-antoni-gaudi\/wp-json\/wp\/v2\/users\/5"}],"replies":[{"embeddable":true,"href":"https:\/\/agora.xtec.cat\/ceip-antoni-gaudi\/wp-json\/wp\/v2\/comments?post=5118"}],"version-history":[{"count":1,"href":"https:\/\/agora.xtec.cat\/ceip-antoni-gaudi\/wp-json\/wp\/v2\/posts\/5118\/revisions"}],"predecessor-version":[{"id":5120,"href":"https:\/\/agora.xtec.cat\/ceip-antoni-gaudi\/wp-json\/wp\/v2\/posts\/5118\/revisions\/5120"}],"wp:featuredmedia":[{"embeddable":true,"href":"https:\/\/agora.xtec.cat\/ceip-antoni-gaudi\/wp-json\/wp\/v2\/media\/5119"}],"wp:attachment":[{"href":"https:\/\/agora.xtec.cat\/ceip-antoni-gaudi\/wp-json\/wp\/v2\/media?parent=5118"}],"wp:term":[{"taxonomy":"category","embeddable":true,"href":"https:\/\/agora.xtec.cat\/ceip-antoni-gaudi\/wp-json\/wp\/v2\/categories?post=5118"},{"taxonomy":"post_tag","embeddable":true,"href":"https:\/\/agora.xtec.cat\/ceip-antoni-gaudi\/wp-json\/wp\/v2\/tags?post=5118"}],"curies":[{"name":"wp","href":"https:\/\/api.w.org\/{rel}","templated":true}]}}