{"id":5084,"date":"2022-10-14T11:27:54","date_gmt":"2022-10-14T09:27:54","guid":{"rendered":"https:\/\/agora.xtec.cat\/ceip-antoni-gaudi\/?p=5084"},"modified":"2022-10-14T11:27:54","modified_gmt":"2022-10-14T09:27:54","slug":"treballem-el-cos-huma","status":"publish","type":"post","link":"https:\/\/agora.xtec.cat\/ceip-antoni-gaudi\/general\/treballem-el-cos-huma\/","title":{"rendered":"Treballem el cos hum\u00e0."},"content":{"rendered":"<p>Els i les alumnes de <span style=\"color: #000000;\">5\u00e8 <\/span>han comen\u00e7at a treballar el cos hum\u00e0 i els seus aparells. Per fer-ho de manera din\u00e0mica i motivadora han realitzat un clauer amb l&#8217;aparell digestiu i l&#8217;aparell respiratori, hem aprofitat el cos d&#8217;un conegut personatge de videojocs per dibuixar a dins els \u00f2rgans de cada aparell del cos hum\u00e0.<\/p>\n<p>Cliqueu per veure m\u00e9s \ud83d\udcf8.<\/p>\n<p><a href=\"https:\/\/photos.app.goo.gl\/882mzYfWQVuZ32PTA\"><img loading=\"lazy\" decoding=\"async\" class=\"\" src=\"https:\/\/lh3.googleusercontent.com\/pw\/AL9nZEV46OlvQOxc4a8p8lrKCnfTpb9oalaV7cW3o8h0_jiO6i7b-bwZgFnwnqI0t13NPO1imgIQs7wOfJm9_O3gOkCGAPjCWn2SDm4zezO9cc8_W6-A5jMUQ6vBp6OhgIs2N23Wb8GTP1W2iX5-Iv1d-bI8=w685-h914-no?authuser=0\" width=\"256\" height=\"342\" \/><\/a><\/p>\n","protected":false},"excerpt":{"rendered":"<p>Els i les alumnes de 5\u00e8 han comen\u00e7at a treballar el cos hum\u00e0 i els seus aparells. Per fer-ho de manera din\u00e0mica i motivadora han realitzat un clauer amb l&#8217;aparell digestiu i l&#8217;aparell respiratori, hem aprofitat el cos d&#8217;un conegut personatge de videojocs per dibuixar&hellip;  <a href=\"https:\/\/agora.xtec.cat\/ceip-antoni-gaudi\/general\/treballem-el-cos-huma\/\" title=\"Read Treballem el cos hum\u00e0.\">Llegeix m\u00e9s\u00bb<\/a><\/p>\n","protected":false},"author":5,"featured_media":5085,"comment_status":"open","ping_status":"closed","sticky":false,"template":"","format":"standard","meta":{"_bbp_topic_count":0,"_bbp_reply_count":0,"_bbp_total_topic_count":0,"_bbp_total_reply_count":0,"_bbp_voice_count":0,"_bbp_anonymous_reply_count":0,"_bbp_topic_count_hidden":0,"_bbp_reply_count_hidden":0,"_bbp_forum_subforum_count":0,"footnotes":""},"categories":[1,14,4,229,5],"tags":[],"class_list":["post-5084","post","type-post","status-publish","format-standard","has-post-thumbnail","hentry","category-general","category-p5","category-portada","category-portada-portada","category-primaria"],"post_mailing_queue_ids":[],"_links":{"self":[{"href":"https:\/\/agora.xtec.cat\/ceip-antoni-gaudi\/wp-json\/wp\/v2\/posts\/5084","targetHints":{"allow":["GET"]}}],"collection":[{"href":"https:\/\/agora.xtec.cat\/ceip-antoni-gaudi\/wp-json\/wp\/v2\/posts"}],"about":[{"href":"https:\/\/agora.xtec.cat\/ceip-antoni-gaudi\/wp-json\/wp\/v2\/types\/post"}],"author":[{"embeddable":true,"href":"https:\/\/agora.xtec.cat\/ceip-antoni-gaudi\/wp-json\/wp\/v2\/users\/5"}],"replies":[{"embeddable":true,"href":"https:\/\/agora.xtec.cat\/ceip-antoni-gaudi\/wp-json\/wp\/v2\/comments?post=5084"}],"version-history":[{"count":3,"href":"https:\/\/agora.xtec.cat\/ceip-antoni-gaudi\/wp-json\/wp\/v2\/posts\/5084\/revisions"}],"predecessor-version":[{"id":5088,"href":"https:\/\/agora.xtec.cat\/ceip-antoni-gaudi\/wp-json\/wp\/v2\/posts\/5084\/revisions\/5088"}],"wp:featuredmedia":[{"embeddable":true,"href":"https:\/\/agora.xtec.cat\/ceip-antoni-gaudi\/wp-json\/wp\/v2\/media\/5085"}],"wp:attachment":[{"href":"https:\/\/agora.xtec.cat\/ceip-antoni-gaudi\/wp-json\/wp\/v2\/media?parent=5084"}],"wp:term":[{"taxonomy":"category","embeddable":true,"href":"https:\/\/agora.xtec.cat\/ceip-antoni-gaudi\/wp-json\/wp\/v2\/categories?post=5084"},{"taxonomy":"post_tag","embeddable":true,"href":"https:\/\/agora.xtec.cat\/ceip-antoni-gaudi\/wp-json\/wp\/v2\/tags?post=5084"}],"curies":[{"name":"wp","href":"https:\/\/api.w.org\/{rel}","templated":true}]}}