{"id":5064,"date":"2022-11-03T16:26:33","date_gmt":"2022-11-03T15:26:33","guid":{"rendered":"https:\/\/agora.xtec.cat\/ceip-antoni-gaudi\/?p=5064"},"modified":"2022-11-03T16:26:33","modified_gmt":"2022-11-03T15:26:33","slug":"i4-vista-la-biblioteca-mont-agora","status":"publish","type":"post","link":"https:\/\/agora.xtec.cat\/ceip-antoni-gaudi\/infantil\/i4-vista-la-biblioteca-mont-agora\/","title":{"rendered":"I4 vista la Biblioteca Mont-\u00c0gora!"},"content":{"rendered":"<p style=\"text-align: justify;\">Fa uns dies, els infants d&#8217;I4 van anar a la Biblioteca Mont-\u00c0gora de Santa Margarida de Montbui. All\u00e0, la Marta els hi va explicar el conte <strong>&#8220;<span style=\"color: #ff6600;\">Els<\/span> <span style=\"color: #3366ff;\">colors<\/span> <span style=\"color: #ff0000;\">de<\/span> <span style=\"color: #800080;\">l&#8217;<\/span><span style=\"color: #ff00ff;\">\u00c0frica<\/span>&#8220;<\/strong>\ud83c\udf08\ud83c\udf0d. Despr\u00e9s, van pintar els animals de l&#8217;\u00c0frica de tots colors i els van enganxar en un mural. Per acabar, van gaudir d&#8217;alguns dels llibres\ud83d\udcda\u00a0 i contes \ud83d\udcd7\ud83d\udcd8\ud83d\udcd9 preciosos que hi ha a la biblioteca del nostre municipi.<\/p>\n<p style=\"text-align: justify;\">Ens ha encantat anar a la Biblioteca i ens han dit que hi podem anar sempre que vulguem amb la nostra fam\u00edlia!<a href=\"https:\/\/photos.app.goo.gl\/yHdAKvodofJC7Hgo9\"><img loading=\"lazy\" decoding=\"async\" class=\"aligncenter wp-image-5067 size-medium\" src=\"https:\/\/agora.xtec.cat\/ceip-antoni-gaudi\/wp-content\/uploads\/usu683\/2022\/10\/Biblioteca-300x225.jpg\" alt=\"\" width=\"300\" height=\"225\" srcset=\"https:\/\/agora.xtec.cat\/ceip-antoni-gaudi\/wp-content\/uploads\/usu683\/2022\/10\/Biblioteca-300x225.jpg 300w, https:\/\/agora.xtec.cat\/ceip-antoni-gaudi\/wp-content\/uploads\/usu683\/2022\/10\/Biblioteca-768x575.jpg 768w, https:\/\/agora.xtec.cat\/ceip-antoni-gaudi\/wp-content\/uploads\/usu683\/2022\/10\/Biblioteca-200x150.jpg 200w, https:\/\/agora.xtec.cat\/ceip-antoni-gaudi\/wp-content\/uploads\/usu683\/2022\/10\/Biblioteca.jpg 843w\" sizes=\"auto, (max-width: 300px) 100vw, 300px\" \/><\/a><\/p>\n","protected":false},"excerpt":{"rendered":"<p>Fa uns dies, els infants d&#8217;I4 van anar a la Biblioteca Mont-\u00c0gora de Santa Margarida de Montbui. All\u00e0, la Marta els hi va explicar el conte &#8220;Els colors de l&#8217;\u00c0frica&#8220;\ud83c\udf08\ud83c\udf0d. Despr\u00e9s, van pintar els animals de l&#8217;\u00c0frica de tots colors i els van enganxar en&hellip;  <a href=\"https:\/\/agora.xtec.cat\/ceip-antoni-gaudi\/infantil\/i4-vista-la-biblioteca-mont-agora\/\" title=\"Read I4 vista la Biblioteca Mont-\u00c0gora!\">Llegeix m\u00e9s\u00bb<\/a><\/p>\n","protected":false},"author":6,"featured_media":0,"comment_status":"open","ping_status":"closed","sticky":false,"template":"","format":"standard","meta":{"_bbp_topic_count":0,"_bbp_reply_count":0,"_bbp_total_topic_count":0,"_bbp_total_reply_count":0,"_bbp_voice_count":0,"_bbp_anonymous_reply_count":0,"_bbp_topic_count_hidden":0,"_bbp_reply_count_hidden":0,"_bbp_forum_subforum_count":0,"footnotes":""},"categories":[8,2,4],"tags":[],"class_list":["post-5064","post","type-post","status-publish","format-standard","hentry","category-i4","category-infantil","category-portada"],"post_mailing_queue_ids":[],"_links":{"self":[{"href":"https:\/\/agora.xtec.cat\/ceip-antoni-gaudi\/wp-json\/wp\/v2\/posts\/5064","targetHints":{"allow":["GET"]}}],"collection":[{"href":"https:\/\/agora.xtec.cat\/ceip-antoni-gaudi\/wp-json\/wp\/v2\/posts"}],"about":[{"href":"https:\/\/agora.xtec.cat\/ceip-antoni-gaudi\/wp-json\/wp\/v2\/types\/post"}],"author":[{"embeddable":true,"href":"https:\/\/agora.xtec.cat\/ceip-antoni-gaudi\/wp-json\/wp\/v2\/users\/6"}],"replies":[{"embeddable":true,"href":"https:\/\/agora.xtec.cat\/ceip-antoni-gaudi\/wp-json\/wp\/v2\/comments?post=5064"}],"version-history":[{"count":3,"href":"https:\/\/agora.xtec.cat\/ceip-antoni-gaudi\/wp-json\/wp\/v2\/posts\/5064\/revisions"}],"predecessor-version":[{"id":5236,"href":"https:\/\/agora.xtec.cat\/ceip-antoni-gaudi\/wp-json\/wp\/v2\/posts\/5064\/revisions\/5236"}],"wp:attachment":[{"href":"https:\/\/agora.xtec.cat\/ceip-antoni-gaudi\/wp-json\/wp\/v2\/media?parent=5064"}],"wp:term":[{"taxonomy":"category","embeddable":true,"href":"https:\/\/agora.xtec.cat\/ceip-antoni-gaudi\/wp-json\/wp\/v2\/categories?post=5064"},{"taxonomy":"post_tag","embeddable":true,"href":"https:\/\/agora.xtec.cat\/ceip-antoni-gaudi\/wp-json\/wp\/v2\/tags?post=5064"}],"curies":[{"name":"wp","href":"https:\/\/api.w.org\/{rel}","templated":true}]}}