{"id":5042,"date":"2022-10-06T16:55:45","date_gmt":"2022-10-06T14:55:45","guid":{"rendered":"https:\/\/agora.xtec.cat\/ceip-antoni-gaudi\/?p=5042"},"modified":"2022-10-06T17:01:41","modified_gmt":"2022-10-06T15:01:41","slug":"taules-sensorials-i-dexperimentacio-a-i3","status":"publish","type":"post","link":"https:\/\/agora.xtec.cat\/ceip-antoni-gaudi\/general\/taules-sensorials-i-dexperimentacio-a-i3\/","title":{"rendered":"Taules sensorials i d&#8217;experimentaci\u00f3 a I3"},"content":{"rendered":"<p style=\"text-align: justify;\">Les taules sensorials tenen un gran potencial educatiu, permeten als infants <strong>manipular<\/strong>, <strong>investigar<\/strong> i <strong>experimentar<\/strong> amb diversitat d&#8217;elements. Tamb\u00e9\u00a0<span class=\"hiddenGrammarError\">desenvolupen <\/span><span class=\"hiddenGrammarError\">i<\/span><span class=\"hiddenGrammarError\"> augmenten<\/span>\u00a0el<strong> nivell d\u2019atenci\u00f3<\/strong> i<strong> concentraci\u00f3<\/strong>\u00a0i aix\u00ed els infants estructuren la ment mitjan\u00e7ant la informaci\u00f3 que reben manipulant i jugant.<\/p>\n<p>A continuaci\u00f3 us deixem un recull d&#8217;imatges dels m\u00e9s petits de l&#8217;escola \ud83d\udc9c.<\/p>\n<p><a href=\"https:\/\/photos.app.goo.gl\/dqJiSjxvBQAeyhQG6\"><img loading=\"lazy\" decoding=\"async\" class=\"aligncenter wp-image-5046\" src=\"https:\/\/agora.xtec.cat\/ceip-antoni-gaudi\/wp-content\/uploads\/usu683\/2022\/10\/portada-scaled.jpg\" alt=\"\" width=\"211\" height=\"246\" srcset=\"https:\/\/agora.xtec.cat\/ceip-antoni-gaudi\/wp-content\/uploads\/usu683\/2022\/10\/portada-scaled.jpg 2191w, https:\/\/agora.xtec.cat\/ceip-antoni-gaudi\/wp-content\/uploads\/usu683\/2022\/10\/portada-257x300.jpg 257w, https:\/\/agora.xtec.cat\/ceip-antoni-gaudi\/wp-content\/uploads\/usu683\/2022\/10\/portada-876x1024.jpg 876w, https:\/\/agora.xtec.cat\/ceip-antoni-gaudi\/wp-content\/uploads\/usu683\/2022\/10\/portada-768x897.jpg 768w, https:\/\/agora.xtec.cat\/ceip-antoni-gaudi\/wp-content\/uploads\/usu683\/2022\/10\/portada-1314x1536.jpg 1314w, https:\/\/agora.xtec.cat\/ceip-antoni-gaudi\/wp-content\/uploads\/usu683\/2022\/10\/portada-1753x2048.jpg 1753w\" sizes=\"auto, (max-width: 211px) 100vw, 211px\" \/><\/a><\/p>\n","protected":false},"excerpt":{"rendered":"<p>Les taules sensorials tenen un gran potencial educatiu, permeten als infants manipular, investigar i experimentar amb diversitat d&#8217;elements. Tamb\u00e9\u00a0desenvolupen i augmenten\u00a0el nivell d\u2019atenci\u00f3 i concentraci\u00f3\u00a0i aix\u00ed els infants estructuren la ment mitjan\u00e7ant la informaci\u00f3 que reben manipulant i jugant.<br \/>\nA continuaci\u00f3 us deixem un recull d&#8217;imatges&hellip;  <a href=\"https:\/\/agora.xtec.cat\/ceip-antoni-gaudi\/general\/taules-sensorials-i-dexperimentacio-a-i3\/\" title=\"Read Taules sensorials i d&#8217;experimentaci\u00f3 a I3\">Llegeix m\u00e9s\u00bb<\/a><\/p>\n","protected":false},"author":6,"featured_media":5046,"comment_status":"open","ping_status":"closed","sticky":false,"template":"","format":"standard","meta":{"_bbp_topic_count":0,"_bbp_reply_count":0,"_bbp_total_topic_count":0,"_bbp_total_reply_count":0,"_bbp_voice_count":0,"_bbp_anonymous_reply_count":0,"_bbp_topic_count_hidden":0,"_bbp_reply_count_hidden":0,"_bbp_forum_subforum_count":0,"footnotes":""},"categories":[1,3,2,4],"tags":[],"class_list":["post-5042","post","type-post","status-publish","format-standard","has-post-thumbnail","hentry","category-general","category-i3","category-infantil","category-portada"],"post_mailing_queue_ids":[],"_links":{"self":[{"href":"https:\/\/agora.xtec.cat\/ceip-antoni-gaudi\/wp-json\/wp\/v2\/posts\/5042","targetHints":{"allow":["GET"]}}],"collection":[{"href":"https:\/\/agora.xtec.cat\/ceip-antoni-gaudi\/wp-json\/wp\/v2\/posts"}],"about":[{"href":"https:\/\/agora.xtec.cat\/ceip-antoni-gaudi\/wp-json\/wp\/v2\/types\/post"}],"author":[{"embeddable":true,"href":"https:\/\/agora.xtec.cat\/ceip-antoni-gaudi\/wp-json\/wp\/v2\/users\/6"}],"replies":[{"embeddable":true,"href":"https:\/\/agora.xtec.cat\/ceip-antoni-gaudi\/wp-json\/wp\/v2\/comments?post=5042"}],"version-history":[{"count":1,"href":"https:\/\/agora.xtec.cat\/ceip-antoni-gaudi\/wp-json\/wp\/v2\/posts\/5042\/revisions"}],"predecessor-version":[{"id":5047,"href":"https:\/\/agora.xtec.cat\/ceip-antoni-gaudi\/wp-json\/wp\/v2\/posts\/5042\/revisions\/5047"}],"wp:featuredmedia":[{"embeddable":true,"href":"https:\/\/agora.xtec.cat\/ceip-antoni-gaudi\/wp-json\/wp\/v2\/media\/5046"}],"wp:attachment":[{"href":"https:\/\/agora.xtec.cat\/ceip-antoni-gaudi\/wp-json\/wp\/v2\/media?parent=5042"}],"wp:term":[{"taxonomy":"category","embeddable":true,"href":"https:\/\/agora.xtec.cat\/ceip-antoni-gaudi\/wp-json\/wp\/v2\/categories?post=5042"},{"taxonomy":"post_tag","embeddable":true,"href":"https:\/\/agora.xtec.cat\/ceip-antoni-gaudi\/wp-json\/wp\/v2\/tags?post=5042"}],"curies":[{"name":"wp","href":"https:\/\/api.w.org\/{rel}","templated":true}]}}