{"id":4888,"date":"2022-09-30T11:15:18","date_gmt":"2022-09-30T09:15:18","guid":{"rendered":"https:\/\/agora.xtec.cat\/ceip-antoni-gaudi\/?p=4888"},"modified":"2022-09-30T11:50:20","modified_gmt":"2022-09-30T09:50:20","slug":"els-primers-dies-a-educacio-infantil","status":"publish","type":"post","link":"https:\/\/agora.xtec.cat\/ceip-antoni-gaudi\/general\/els-primers-dies-a-educacio-infantil\/","title":{"rendered":"ELS PRIMERS DIES A EDUCACI\u00d3 INFANTIL!"},"content":{"rendered":"<p style=\"text-align: justify;\">Els curs ha comen\u00e7at i tamb\u00e9 ho han fet els m\u00e9s petits!<\/p>\n<p style=\"text-align: justify;\">Els nens i nenes d&#8217;<strong><span style=\"color: #ff00ff;\">I3<\/span><\/strong> hem passat els primers dies d&#8217;adaptaci\u00f3 i coneixen\u00e7a de l&#8217;escola i les nostres aules! Hem pogut jugar i compartir amb els altres totes les propostes d&#8217;aquests primers dies!<\/p>\n<p><a href=\"https:\/\/photos.app.goo.gl\/xAsGNEbjXNGzMS7w9\"><img loading=\"lazy\" decoding=\"async\" class=\"aligncenter wp-image-4898 size-medium\" src=\"https:\/\/agora.xtec.cat\/ceip-antoni-gaudi\/wp-content\/uploads\/usu683\/2022\/09\/IMG_4746-300x137.jpg\" alt=\"\" width=\"300\" height=\"137\" srcset=\"https:\/\/agora.xtec.cat\/ceip-antoni-gaudi\/wp-content\/uploads\/usu683\/2022\/09\/IMG_4746-300x137.jpg 300w, https:\/\/agora.xtec.cat\/ceip-antoni-gaudi\/wp-content\/uploads\/usu683\/2022\/09\/IMG_4746-1024x468.jpg 1024w, https:\/\/agora.xtec.cat\/ceip-antoni-gaudi\/wp-content\/uploads\/usu683\/2022\/09\/IMG_4746-768x351.jpg 768w, https:\/\/agora.xtec.cat\/ceip-antoni-gaudi\/wp-content\/uploads\/usu683\/2022\/09\/IMG_4746-1536x702.jpg 1536w, https:\/\/agora.xtec.cat\/ceip-antoni-gaudi\/wp-content\/uploads\/usu683\/2022\/09\/IMG_4746-2048x936.jpg 2048w\" sizes=\"auto, (max-width: 300px) 100vw, 300px\" \/><\/a><\/p>\n<p style=\"text-align: justify;\">Els nens i nenes d&#8217;<strong><span style=\"color: #3366ff;\">I4<\/span><\/strong> hem agafat el curs amb molta for\u00e7a fent un munt d&#8217;activitats: hem dibuixat, hem jugat al pati, hem practicat l&#8217;escriptura&#8230; En definitiva, estem aprenent molt mentre ens ho estem passant d&#8217;all\u00f2 m\u00e9s b\u00e9!<\/p>\n<p><a href=\"https:\/\/photos.app.goo.gl\/GcF2ein32HGcAp8Z6\"><img loading=\"lazy\" decoding=\"async\" class=\"aligncenter wp-image-4957 \" src=\"https:\/\/agora.xtec.cat\/ceip-antoni-gaudi\/wp-content\/uploads\/usu683\/2022\/09\/IMG_3499-282x300.jpg\" alt=\"\" width=\"248\" height=\"264\" srcset=\"https:\/\/agora.xtec.cat\/ceip-antoni-gaudi\/wp-content\/uploads\/usu683\/2022\/09\/IMG_3499-282x300.jpg 282w, https:\/\/agora.xtec.cat\/ceip-antoni-gaudi\/wp-content\/uploads\/usu683\/2022\/09\/IMG_3499-964x1024.jpg 964w, https:\/\/agora.xtec.cat\/ceip-antoni-gaudi\/wp-content\/uploads\/usu683\/2022\/09\/IMG_3499-768x816.jpg 768w, https:\/\/agora.xtec.cat\/ceip-antoni-gaudi\/wp-content\/uploads\/usu683\/2022\/09\/IMG_3499-1446x1536.jpg 1446w, https:\/\/agora.xtec.cat\/ceip-antoni-gaudi\/wp-content\/uploads\/usu683\/2022\/09\/IMG_3499-1928x2048.jpg 1928w\" sizes=\"auto, (max-width: 248px) 100vw, 248px\" \/><\/a><\/p>\n<p style=\"text-align: justify;\">Els m\u00e9s grans d&#8217;infantil, els nens i nenes d&#8217;<span style=\"color: #ff6600;\"><strong>I5<\/strong><\/span>, estem molt contents d&#8217;haver tornat a l&#8217;escola. Aquests primers dies hem pogut retrobar-nos i posar fil i agulla a les diferents propostes de l&#8217;aula.<\/p>\n<p><a href=\"https:\/\/photos.app.goo.gl\/MndSSWPsMkdBqZBw7\"><img loading=\"lazy\" decoding=\"async\" class=\"aligncenter wp-image-4968 size-medium\" src=\"https:\/\/agora.xtec.cat\/ceip-antoni-gaudi\/wp-content\/uploads\/usu683\/2022\/09\/1664455236347-300x225.jpg\" alt=\"\" width=\"300\" height=\"225\" srcset=\"https:\/\/agora.xtec.cat\/ceip-antoni-gaudi\/wp-content\/uploads\/usu683\/2022\/09\/1664455236347-300x225.jpg 300w, https:\/\/agora.xtec.cat\/ceip-antoni-gaudi\/wp-content\/uploads\/usu683\/2022\/09\/1664455236347-768x576.jpg 768w, https:\/\/agora.xtec.cat\/ceip-antoni-gaudi\/wp-content\/uploads\/usu683\/2022\/09\/1664455236347-200x150.jpg 200w, https:\/\/agora.xtec.cat\/ceip-antoni-gaudi\/wp-content\/uploads\/usu683\/2022\/09\/1664455236347.jpg 1024w\" sizes=\"auto, (max-width: 300px) 100vw, 300px\" \/><\/a><\/p>\n<p>&nbsp;<\/p>\n","protected":false},"excerpt":{"rendered":"<p>Els curs ha comen\u00e7at i tamb\u00e9 ho han fet els m\u00e9s petits!<br \/>\nEls nens i nenes d&#8217;I3 hem passat els primers dies d&#8217;adaptaci\u00f3 i coneixen\u00e7a de l&#8217;escola i les nostres aules! Hem pogut jugar i compartir amb els altres totes les propostes d&#8217;aquests primers dies!<br \/>\n<a href=\"https:\/\/photos.app.goo.gl\/xAsGNEbjXNGzMS7w9\"><\/a><br \/>\nEls&hellip;  <a href=\"https:\/\/agora.xtec.cat\/ceip-antoni-gaudi\/general\/els-primers-dies-a-educacio-infantil\/\" title=\"Read ELS PRIMERS DIES A EDUCACI\u00d3 INFANTIL!\">Llegeix m\u00e9s\u00bb<\/a><\/p>\n","protected":false},"author":6,"featured_media":0,"comment_status":"open","ping_status":"closed","sticky":false,"template":"","format":"standard","meta":{"_bbp_topic_count":0,"_bbp_reply_count":0,"_bbp_total_topic_count":0,"_bbp_total_reply_count":0,"_bbp_voice_count":0,"_bbp_anonymous_reply_count":0,"_bbp_topic_count_hidden":0,"_bbp_reply_count_hidden":0,"_bbp_forum_subforum_count":0,"footnotes":""},"categories":[1,3,8,9,2,4],"tags":[],"class_list":["post-4888","post","type-post","status-publish","format-standard","hentry","category-general","category-i3","category-i4","category-i5","category-infantil","category-portada"],"post_mailing_queue_ids":[],"_links":{"self":[{"href":"https:\/\/agora.xtec.cat\/ceip-antoni-gaudi\/wp-json\/wp\/v2\/posts\/4888","targetHints":{"allow":["GET"]}}],"collection":[{"href":"https:\/\/agora.xtec.cat\/ceip-antoni-gaudi\/wp-json\/wp\/v2\/posts"}],"about":[{"href":"https:\/\/agora.xtec.cat\/ceip-antoni-gaudi\/wp-json\/wp\/v2\/types\/post"}],"author":[{"embeddable":true,"href":"https:\/\/agora.xtec.cat\/ceip-antoni-gaudi\/wp-json\/wp\/v2\/users\/6"}],"replies":[{"embeddable":true,"href":"https:\/\/agora.xtec.cat\/ceip-antoni-gaudi\/wp-json\/wp\/v2\/comments?post=4888"}],"version-history":[{"count":3,"href":"https:\/\/agora.xtec.cat\/ceip-antoni-gaudi\/wp-json\/wp\/v2\/posts\/4888\/revisions"}],"predecessor-version":[{"id":4973,"href":"https:\/\/agora.xtec.cat\/ceip-antoni-gaudi\/wp-json\/wp\/v2\/posts\/4888\/revisions\/4973"}],"wp:attachment":[{"href":"https:\/\/agora.xtec.cat\/ceip-antoni-gaudi\/wp-json\/wp\/v2\/media?parent=4888"}],"wp:term":[{"taxonomy":"category","embeddable":true,"href":"https:\/\/agora.xtec.cat\/ceip-antoni-gaudi\/wp-json\/wp\/v2\/categories?post=4888"},{"taxonomy":"post_tag","embeddable":true,"href":"https:\/\/agora.xtec.cat\/ceip-antoni-gaudi\/wp-json\/wp\/v2\/tags?post=4888"}],"curies":[{"name":"wp","href":"https:\/\/api.w.org\/{rel}","templated":true}]}}