{"id":4833,"date":"2022-06-22T14:38:02","date_gmt":"2022-06-22T12:38:02","guid":{"rendered":"https:\/\/agora.xtec.cat\/ceip-antoni-gaudi\/?p=4833"},"modified":"2022-06-22T14:38:02","modified_gmt":"2022-06-22T12:38:02","slug":"ultims-dies-de-curs-a-infantil","status":"publish","type":"post","link":"https:\/\/agora.xtec.cat\/ceip-antoni-gaudi\/general\/ultims-dies-de-curs-a-infantil\/","title":{"rendered":"\u00daLTIMS DIES DE CURS A INFANTIL!"},"content":{"rendered":"<p style=\"text-align: justify;\">Aquests \u00faltims dies, els nens i nenes de l&#8217;edifici dels petits hem fet una celebraci\u00f3 cada dia!<\/p>\n<ul style=\"text-align: justify;\">\n<li>Dilluns: <strong><span style=\"color: #0000ff;\">LA FESTA DE L&#8217;AIGUA!<\/span><\/strong> \ud83d\udca6\ud83d\udca6 Ben equipats amb tovallola i banyador, els nens i nenes s&#8217;ho han passat d&#8217;all\u00f2 m\u00e9s b\u00e9 remullant-se i jugant a la pista de l&#8217;escola! <a href=\"https:\/\/photos.app.goo.gl\/YhpUZRW3SnTUb9Go7\"><img loading=\"lazy\" decoding=\"async\" class=\"aligncenter wp-image-4836 size-medium\" src=\"https:\/\/agora.xtec.cat\/ceip-antoni-gaudi\/wp-content\/uploads\/usu683\/2022\/06\/Captura-de-pantalla-2022-06-22-a-las-13.31.25-282x300.png\" alt=\"\" width=\"282\" height=\"300\" srcset=\"https:\/\/agora.xtec.cat\/ceip-antoni-gaudi\/wp-content\/uploads\/usu683\/2022\/06\/Captura-de-pantalla-2022-06-22-a-las-13.31.25-282x300.png 282w, https:\/\/agora.xtec.cat\/ceip-antoni-gaudi\/wp-content\/uploads\/usu683\/2022\/06\/Captura-de-pantalla-2022-06-22-a-las-13.31.25.png 508w\" sizes=\"auto, (max-width: 282px) 100vw, 282px\" \/><\/a><\/li>\n<li>Dimarts: <span style=\"color: #ff0000;\"><strong>LA FESTA DEL CARDIO!<\/strong><\/span> \ud83d\udc97Hem realitzat diferents propostes d&#8217;activitats f\u00edsiques i hem gaudit d&#8217;un esmorzar dels que agraden molt al nostre CARDIO: mel\u00f3\ud83c\udf48 i s\u00edndria \ud83c\udf49!<a href=\"https:\/\/photos.app.goo.gl\/Cu8G3X9eaSmF2C6e9\"><img loading=\"lazy\" decoding=\"async\" class=\"aligncenter wp-image-4838\" src=\"https:\/\/agora.xtec.cat\/ceip-antoni-gaudi\/wp-content\/uploads\/usu683\/2022\/06\/Captura-de-pantalla-2022-06-22-a-las-13.34.08.png\" alt=\"\" width=\"550\" height=\"225\" srcset=\"https:\/\/agora.xtec.cat\/ceip-antoni-gaudi\/wp-content\/uploads\/usu683\/2022\/06\/Captura-de-pantalla-2022-06-22-a-las-13.34.08.png 872w, https:\/\/agora.xtec.cat\/ceip-antoni-gaudi\/wp-content\/uploads\/usu683\/2022\/06\/Captura-de-pantalla-2022-06-22-a-las-13.34.08-300x123.png 300w, https:\/\/agora.xtec.cat\/ceip-antoni-gaudi\/wp-content\/uploads\/usu683\/2022\/06\/Captura-de-pantalla-2022-06-22-a-las-13.34.08-768x314.png 768w\" sizes=\"auto, (max-width: 550px) 100vw, 550px\" \/><\/a><\/li>\n<li>Dimecres: <span style=\"color: #ff9900;\"><strong>L&#8217;\u00daLTIM DIA!<\/strong><\/span> En el que hem gaudit d&#8217;un esmorzar bon\u00edssim \u00a0i un gelat \ud83c\udf66ben refrescant! <a href=\"https:\/\/photos.app.goo.gl\/ZEic3UJmCz6fZX7N6\"><img loading=\"lazy\" decoding=\"async\" class=\"aligncenter wp-image-4840 size-medium\" src=\"https:\/\/agora.xtec.cat\/ceip-antoni-gaudi\/wp-content\/uploads\/usu683\/2022\/06\/Captura-de-pantalla-2022-06-22-a-las-13.54.32-300x219.png\" alt=\"\" width=\"300\" height=\"219\" srcset=\"https:\/\/agora.xtec.cat\/ceip-antoni-gaudi\/wp-content\/uploads\/usu683\/2022\/06\/Captura-de-pantalla-2022-06-22-a-las-13.54.32-300x219.png 300w, https:\/\/agora.xtec.cat\/ceip-antoni-gaudi\/wp-content\/uploads\/usu683\/2022\/06\/Captura-de-pantalla-2022-06-22-a-las-13.54.32-768x560.png 768w, https:\/\/agora.xtec.cat\/ceip-antoni-gaudi\/wp-content\/uploads\/usu683\/2022\/06\/Captura-de-pantalla-2022-06-22-a-las-13.54.32.png 890w\" sizes=\"auto, (max-width: 300px) 100vw, 300px\" \/><\/a><\/li>\n<\/ul>\n<p style=\"text-align: justify;\">Per \u00faltim, desitjar-vos a totes les fam\u00edlies que passeu un molt bon estiu!! Ens veiem a la tornada amb les piles carregades!<\/p>\n<p style=\"text-align: center;\"><strong>BON ESTIU!!<\/strong> \ud83c\udf1e\u26f1\ud83c\udf0a<\/p>\n<p>&nbsp;<\/p>\n","protected":false},"excerpt":{"rendered":"<p>Aquests \u00faltims dies, els nens i nenes de l&#8217;edifici dels petits hem fet una celebraci\u00f3 cada dia!<\/p>\n<ul style=\"text-align: justify;\">\n<li>Dilluns: LA FESTA DE L&#8217;AIGUA! \ud83d\udca6\ud83d\udca6 Ben equipats amb tovallola i banyador, els nens i nenes s&#8217;ho han passat d&#8217;all\u00f2 m\u00e9s b\u00e9 remullant-se i jugant a la&hellip;  <a href=\"https:\/\/agora.xtec.cat\/ceip-antoni-gaudi\/general\/ultims-dies-de-curs-a-infantil\/\" title=\"Read \u00daLTIMS DIES DE CURS A INFANTIL!\">Llegeix m\u00e9s\u00bb<\/a><br \/>\n","protected":false},"author":6,"featured_media":0,"comment_status":"open","ping_status":"closed","sticky":false,"template":"","format":"standard","meta":{"_bbp_topic_count":0,"_bbp_reply_count":0,"_bbp_total_topic_count":0,"_bbp_total_reply_count":0,"_bbp_voice_count":0,"_bbp_anonymous_reply_count":0,"_bbp_topic_count_hidden":0,"_bbp_reply_count_hidden":0,"_bbp_forum_subforum_count":0,"footnotes":""},"categories":[1,3,8,9,2,4],"tags":[],"class_list":["post-4833","post","type-post","status-publish","format-standard","hentry","category-general","category-i3","category-i4","category-i5","category-infantil","category-portada"],"post_mailing_queue_ids":[],"_links":{"self":[{"href":"https:\/\/agora.xtec.cat\/ceip-antoni-gaudi\/wp-json\/wp\/v2\/posts\/4833","targetHints":{"allow":["GET"]}}],"collection":[{"href":"https:\/\/agora.xtec.cat\/ceip-antoni-gaudi\/wp-json\/wp\/v2\/posts"}],"about":[{"href":"https:\/\/agora.xtec.cat\/ceip-antoni-gaudi\/wp-json\/wp\/v2\/types\/post"}],"author":[{"embeddable":true,"href":"https:\/\/agora.xtec.cat\/ceip-antoni-gaudi\/wp-json\/wp\/v2\/users\/6"}],"replies":[{"embeddable":true,"href":"https:\/\/agora.xtec.cat\/ceip-antoni-gaudi\/wp-json\/wp\/v2\/comments?post=4833"}],"version-history":[{"count":3,"href":"https:\/\/agora.xtec.cat\/ceip-antoni-gaudi\/wp-json\/wp\/v2\/posts\/4833\/revisions"}],"predecessor-version":[{"id":4846,"href":"https:\/\/agora.xtec.cat\/ceip-antoni-gaudi\/wp-json\/wp\/v2\/posts\/4833\/revisions\/4846"}],"wp:attachment":[{"href":"https:\/\/agora.xtec.cat\/ceip-antoni-gaudi\/wp-json\/wp\/v2\/media?parent=4833"}],"wp:term":[{"taxonomy":"category","embeddable":true,"href":"https:\/\/agora.xtec.cat\/ceip-antoni-gaudi\/wp-json\/wp\/v2\/categories?post=4833"},{"taxonomy":"post_tag","embeddable":true,"href":"https:\/\/agora.xtec.cat\/ceip-antoni-gaudi\/wp-json\/wp\/v2\/tags?post=4833"}],"curies":[{"name":"wp","href":"https:\/\/api.w.org\/{rel}","templated":true}]}}