{"id":4825,"date":"2022-06-21T20:34:35","date_gmt":"2022-06-21T18:34:35","guid":{"rendered":"https:\/\/agora.xtec.cat\/ceip-antoni-gaudi\/?p=4825"},"modified":"2022-06-21T20:34:35","modified_gmt":"2022-06-21T18:34:35","slug":"gimcana-daigua-mitjans-1r-2ns-i-3rs","status":"publish","type":"post","link":"https:\/\/agora.xtec.cat\/ceip-antoni-gaudi\/general\/gimcana-daigua-mitjans-1r-2ns-i-3rs\/","title":{"rendered":"Gimcana d&#8217;aigua Mitjans (1r, 2ns i 3rs)"},"content":{"rendered":"<p style=\"text-align: left;\" data-wp-editing=\"1\">Avui, malgrat el temps, hem pogut realitzar la gimcana d&#8217;aigua que ten\u00edem prevista. Els nens i nenes s&#8217;ho han passat d&#8217;all\u00f2 m\u00e9s b\u00e9 amb els companys\/es dels altres grups. Ha estat una estona ben divertida i, sobretot, refrescant. Mireu, mireu&#8230; per\u00f2 vigileu no sigui que tamb\u00e9 us mulleu!!<\/p>\n<p data-wp-editing=\"1\"><a href=\"https:\/\/photos.app.goo.gl\/gCBn5hmKvm3Xebrv8\" target=\"_blank\" rel=\"noopener\"><br \/>\n<img loading=\"lazy\" decoding=\"async\" class=\"aligncenter wp-image-4827 size-medium\" src=\"https:\/\/agora.xtec.cat\/ceip-antoni-gaudi\/wp-content\/uploads\/usu683\/2022\/06\/20220621_122146-300x225.jpg\" alt=\"\" width=\"300\" height=\"225\" srcset=\"https:\/\/agora.xtec.cat\/ceip-antoni-gaudi\/wp-content\/uploads\/usu683\/2022\/06\/20220621_122146-300x225.jpg 300w, https:\/\/agora.xtec.cat\/ceip-antoni-gaudi\/wp-content\/uploads\/usu683\/2022\/06\/20220621_122146-1024x768.jpg 1024w, https:\/\/agora.xtec.cat\/ceip-antoni-gaudi\/wp-content\/uploads\/usu683\/2022\/06\/20220621_122146-768x576.jpg 768w, https:\/\/agora.xtec.cat\/ceip-antoni-gaudi\/wp-content\/uploads\/usu683\/2022\/06\/20220621_122146-1536x1152.jpg 1536w, https:\/\/agora.xtec.cat\/ceip-antoni-gaudi\/wp-content\/uploads\/usu683\/2022\/06\/20220621_122146-2048x1536.jpg 2048w, https:\/\/agora.xtec.cat\/ceip-antoni-gaudi\/wp-content\/uploads\/usu683\/2022\/06\/20220621_122146-200x150.jpg 200w\" sizes=\"auto, (max-width: 300px) 100vw, 300px\" \/><\/a><\/p>\n","protected":false},"excerpt":{"rendered":"<p>Avui, malgrat el temps, hem pogut realitzar la gimcana d&#8217;aigua que ten\u00edem prevista. Els nens i nenes s&#8217;ho han passat d&#8217;all\u00f2 m\u00e9s b\u00e9 amb els companys\/es dels altres grups. Ha estat una estona ben divertida i, sobretot, refrescant. Mireu, mireu&#8230; per\u00f2 vigileu no sigui que&hellip;  <a href=\"https:\/\/agora.xtec.cat\/ceip-antoni-gaudi\/general\/gimcana-daigua-mitjans-1r-2ns-i-3rs\/\" title=\"Read Gimcana d&#8217;aigua Mitjans (1r, 2ns i 3rs)\">Llegeix m\u00e9s\u00bb<\/a><\/p>\n","protected":false},"author":4,"featured_media":0,"comment_status":"open","ping_status":"closed","sticky":false,"template":"","format":"standard","meta":{"_bbp_topic_count":0,"_bbp_reply_count":0,"_bbp_total_topic_count":0,"_bbp_total_reply_count":0,"_bbp_voice_count":0,"_bbp_anonymous_reply_count":0,"_bbp_topic_count_hidden":0,"_bbp_reply_count_hidden":0,"_bbp_forum_subforum_count":0,"footnotes":""},"categories":[1,10,11,12,4,5],"tags":[],"class_list":["post-4825","post","type-post","status-publish","format-standard","hentry","category-general","category-p1","category-p2","category-p3","category-portada","category-primaria"],"post_mailing_queue_ids":[],"_links":{"self":[{"href":"https:\/\/agora.xtec.cat\/ceip-antoni-gaudi\/wp-json\/wp\/v2\/posts\/4825","targetHints":{"allow":["GET"]}}],"collection":[{"href":"https:\/\/agora.xtec.cat\/ceip-antoni-gaudi\/wp-json\/wp\/v2\/posts"}],"about":[{"href":"https:\/\/agora.xtec.cat\/ceip-antoni-gaudi\/wp-json\/wp\/v2\/types\/post"}],"author":[{"embeddable":true,"href":"https:\/\/agora.xtec.cat\/ceip-antoni-gaudi\/wp-json\/wp\/v2\/users\/4"}],"replies":[{"embeddable":true,"href":"https:\/\/agora.xtec.cat\/ceip-antoni-gaudi\/wp-json\/wp\/v2\/comments?post=4825"}],"version-history":[{"count":3,"href":"https:\/\/agora.xtec.cat\/ceip-antoni-gaudi\/wp-json\/wp\/v2\/posts\/4825\/revisions"}],"predecessor-version":[{"id":4829,"href":"https:\/\/agora.xtec.cat\/ceip-antoni-gaudi\/wp-json\/wp\/v2\/posts\/4825\/revisions\/4829"}],"wp:attachment":[{"href":"https:\/\/agora.xtec.cat\/ceip-antoni-gaudi\/wp-json\/wp\/v2\/media?parent=4825"}],"wp:term":[{"taxonomy":"category","embeddable":true,"href":"https:\/\/agora.xtec.cat\/ceip-antoni-gaudi\/wp-json\/wp\/v2\/categories?post=4825"},{"taxonomy":"post_tag","embeddable":true,"href":"https:\/\/agora.xtec.cat\/ceip-antoni-gaudi\/wp-json\/wp\/v2\/tags?post=4825"}],"curies":[{"name":"wp","href":"https:\/\/api.w.org\/{rel}","templated":true}]}}