{"id":4769,"date":"2022-06-15T14:32:22","date_gmt":"2022-06-15T12:32:22","guid":{"rendered":"https:\/\/agora.xtec.cat\/ceip-antoni-gaudi\/?p=4769"},"modified":"2022-06-15T14:32:22","modified_gmt":"2022-06-15T12:32:22","slug":"graduacio-dels-ossos-polars-i-dels-pinguins","status":"publish","type":"post","link":"https:\/\/agora.xtec.cat\/ceip-antoni-gaudi\/general\/graduacio-dels-ossos-polars-i-dels-pinguins\/","title":{"rendered":"GRADUACI\u00d3 DELS OSSOS POLARS I DELS PING\u00dcINS!"},"content":{"rendered":"<div>\n<p style=\"text-align: justify;\"><span lang=\"CA\">Avui els nens i nenes de la classe dels<span class=\"apple-converted-space\">\u00a0<\/span><\/span><span style=\"color: #333399;\"><strong><span lang=\"CA\"><span style=\"color: #ff6600;\">ping\u00fcins <\/span><\/span><\/strong><span lang=\"CA\"><span style=\"color: #000000;\">i<\/span><\/span><strong><span lang=\"CA\"> dels ossos polars<\/span><\/strong><\/span><b> <\/b><span lang=\"CA\">han celebrat la festa de la seva<span class=\"apple-converted-space\">\u00a0<\/span><\/span><span style=\"color: #800080;\"><strong><span lang=\"CA\">GRADUACI\u00d3 \ud83c\udf93\ud83c\udf93<\/span><\/strong><\/span><span lang=\"CA\">. El Mont-\u00c0gora s&#8217;ha omplert de records d&#8217;aquests anys a l&#8217;edifici dels petits amb un petit v\u00eddeo \ud83d\udcfd. Un emotiu escrit de les mestres que han tingut al llarg d&#8217;aquests anys ha estat l&#8217;inici de la graduaci\u00f3 i entrega de diplomes a tots els i les alumnes. Balls i can\u00e7ons dedicades a aquests petits infants, que l&#8217;any vinent comen\u00e7aran a l&#8217;edifici dels grans, han estat la cloenda d&#8217;aquesta celebraci\u00f3!<\/span><\/p>\n<\/div>\n<div>\n<p style=\"text-align: justify;\"><span lang=\"CA\">Moltes gr\u00e0cies, fam\u00edlies!<\/span><\/p>\n<\/div>\n<p><a href=\"https:\/\/photos.app.goo.gl\/nZ1C588RkLUouAZ1A\"><img loading=\"lazy\" decoding=\"async\" class=\"aligncenter  wp-image-4779\" src=\"https:\/\/agora.xtec.cat\/ceip-antoni-gaudi\/wp-content\/uploads\/usu683\/2022\/06\/WhatsApp-Image-2022-06-15-at-14.31.15.jpeg\" alt=\"\" width=\"335\" height=\"252\" srcset=\"https:\/\/agora.xtec.cat\/ceip-antoni-gaudi\/wp-content\/uploads\/usu683\/2022\/06\/WhatsApp-Image-2022-06-15-at-14.31.15.jpeg 1600w, https:\/\/agora.xtec.cat\/ceip-antoni-gaudi\/wp-content\/uploads\/usu683\/2022\/06\/WhatsApp-Image-2022-06-15-at-14.31.15-300x225.jpeg 300w, https:\/\/agora.xtec.cat\/ceip-antoni-gaudi\/wp-content\/uploads\/usu683\/2022\/06\/WhatsApp-Image-2022-06-15-at-14.31.15-1024x768.jpeg 1024w, https:\/\/agora.xtec.cat\/ceip-antoni-gaudi\/wp-content\/uploads\/usu683\/2022\/06\/WhatsApp-Image-2022-06-15-at-14.31.15-768x576.jpeg 768w, https:\/\/agora.xtec.cat\/ceip-antoni-gaudi\/wp-content\/uploads\/usu683\/2022\/06\/WhatsApp-Image-2022-06-15-at-14.31.15-1536x1152.jpeg 1536w, https:\/\/agora.xtec.cat\/ceip-antoni-gaudi\/wp-content\/uploads\/usu683\/2022\/06\/WhatsApp-Image-2022-06-15-at-14.31.15-200x150.jpeg 200w\" sizes=\"auto, (max-width: 335px) 100vw, 335px\" \/><\/a><\/p>\n<div>\n<p>&nbsp;<\/p>\n<\/div>\n","protected":false},"excerpt":{"rendered":"<p>Avui els nens i nenes de la classe dels\u00a0ping\u00fcins i dels ossos polars han celebrat la festa de la seva\u00a0GRADUACI\u00d3 \ud83c\udf93\ud83c\udf93. El Mont-\u00c0gora s&#8217;ha omplert de records d&#8217;aquests anys a l&#8217;edifici dels petits amb un petit v\u00eddeo \ud83d\udcfd. Un emotiu escrit de les mestres que&hellip;  <a href=\"https:\/\/agora.xtec.cat\/ceip-antoni-gaudi\/general\/graduacio-dels-ossos-polars-i-dels-pinguins\/\" title=\"Read GRADUACI\u00d3 DELS OSSOS POLARS I DELS PING\u00dcINS!\">Llegeix m\u00e9s\u00bb<\/a><\/p>\n","protected":false},"author":6,"featured_media":0,"comment_status":"open","ping_status":"closed","sticky":false,"template":"","format":"standard","meta":{"_bbp_topic_count":0,"_bbp_reply_count":0,"_bbp_total_topic_count":0,"_bbp_total_reply_count":0,"_bbp_voice_count":0,"_bbp_anonymous_reply_count":0,"_bbp_topic_count_hidden":0,"_bbp_reply_count_hidden":0,"_bbp_forum_subforum_count":0,"footnotes":""},"categories":[1,9,2,4],"tags":[],"class_list":["post-4769","post","type-post","status-publish","format-standard","hentry","category-general","category-i5","category-infantil","category-portada"],"post_mailing_queue_ids":[],"_links":{"self":[{"href":"https:\/\/agora.xtec.cat\/ceip-antoni-gaudi\/wp-json\/wp\/v2\/posts\/4769","targetHints":{"allow":["GET"]}}],"collection":[{"href":"https:\/\/agora.xtec.cat\/ceip-antoni-gaudi\/wp-json\/wp\/v2\/posts"}],"about":[{"href":"https:\/\/agora.xtec.cat\/ceip-antoni-gaudi\/wp-json\/wp\/v2\/types\/post"}],"author":[{"embeddable":true,"href":"https:\/\/agora.xtec.cat\/ceip-antoni-gaudi\/wp-json\/wp\/v2\/users\/6"}],"replies":[{"embeddable":true,"href":"https:\/\/agora.xtec.cat\/ceip-antoni-gaudi\/wp-json\/wp\/v2\/comments?post=4769"}],"version-history":[{"count":3,"href":"https:\/\/agora.xtec.cat\/ceip-antoni-gaudi\/wp-json\/wp\/v2\/posts\/4769\/revisions"}],"predecessor-version":[{"id":4780,"href":"https:\/\/agora.xtec.cat\/ceip-antoni-gaudi\/wp-json\/wp\/v2\/posts\/4769\/revisions\/4780"}],"wp:attachment":[{"href":"https:\/\/agora.xtec.cat\/ceip-antoni-gaudi\/wp-json\/wp\/v2\/media?parent=4769"}],"wp:term":[{"taxonomy":"category","embeddable":true,"href":"https:\/\/agora.xtec.cat\/ceip-antoni-gaudi\/wp-json\/wp\/v2\/categories?post=4769"},{"taxonomy":"post_tag","embeddable":true,"href":"https:\/\/agora.xtec.cat\/ceip-antoni-gaudi\/wp-json\/wp\/v2\/tags?post=4769"}],"curies":[{"name":"wp","href":"https:\/\/api.w.org\/{rel}","templated":true}]}}