{"id":4739,"date":"2022-06-10T09:09:46","date_gmt":"2022-06-10T07:09:46","guid":{"rendered":"https:\/\/agora.xtec.cat\/ceip-antoni-gaudi\/?p=4739"},"modified":"2022-06-10T09:10:34","modified_gmt":"2022-06-10T07:10:34","slug":"setmana-de-les-arts-teatre-5e","status":"publish","type":"post","link":"https:\/\/agora.xtec.cat\/ceip-antoni-gaudi\/general\/setmana-de-les-arts-teatre-5e\/","title":{"rendered":"Setmana de les ARTS (TEATRE 5\u00e8)"},"content":{"rendered":"<p>\u00c9s la setmana de les <strong>ARTS<\/strong> i el dimarts l&#8217;alumnat de 5\u00e8 va anar al <em>Mont-\u00c0gora<\/em> a realitzar una petita representaci\u00f3 teatral. \ud83c\udfad Tamb\u00e9 van poder gaudir de les representacions de les altres escoles del municipi. \ud83e\udd17<\/p>\n<p>Cliqueu per veure totes les fotos \ud83d\udcf8<\/p>\n<p><a href=\"https:\/\/photos.app.goo.gl\/AhpFXWPnCeagrscQ8\"><img loading=\"lazy\" decoding=\"async\" class=\"alignnone size-medium wp-image-4740\" src=\"https:\/\/agora.xtec.cat\/ceip-antoni-gaudi\/wp-content\/uploads\/usu683\/2022\/06\/20220607_102039-300x225.jpg\" alt=\"\" width=\"300\" height=\"225\" srcset=\"https:\/\/agora.xtec.cat\/ceip-antoni-gaudi\/wp-content\/uploads\/usu683\/2022\/06\/20220607_102039-300x225.jpg 300w, https:\/\/agora.xtec.cat\/ceip-antoni-gaudi\/wp-content\/uploads\/usu683\/2022\/06\/20220607_102039-768x576.jpg 768w, https:\/\/agora.xtec.cat\/ceip-antoni-gaudi\/wp-content\/uploads\/usu683\/2022\/06\/20220607_102039-200x150.jpg 200w, https:\/\/agora.xtec.cat\/ceip-antoni-gaudi\/wp-content\/uploads\/usu683\/2022\/06\/20220607_102039.jpg 876w\" sizes=\"auto, (max-width: 300px) 100vw, 300px\" \/><\/a><\/p>\n","protected":false},"excerpt":{"rendered":"<p>\u00c9s la setmana de les ARTS i el dimarts l&#8217;alumnat de 5\u00e8 va anar al Mont-\u00c0gora a realitzar una petita representaci\u00f3 teatral. \ud83c\udfad Tamb\u00e9 van poder gaudir de les representacions de les altres escoles del municipi. \ud83e\udd17<br \/>\nCliqueu per veure totes les fotos \ud83d\udcf8<br \/>\n<a href=\"https:\/\/photos.app.goo.gl\/AhpFXWPnCeagrscQ8\"><\/a><\/p>\n","protected":false},"author":5,"featured_media":4740,"comment_status":"open","ping_status":"closed","sticky":false,"template":"","format":"standard","meta":{"_bbp_topic_count":0,"_bbp_reply_count":0,"_bbp_total_topic_count":0,"_bbp_total_reply_count":0,"_bbp_voice_count":0,"_bbp_anonymous_reply_count":0,"_bbp_topic_count_hidden":0,"_bbp_reply_count_hidden":0,"_bbp_forum_subforum_count":0,"footnotes":""},"categories":[1,14,4,229,5],"tags":[],"class_list":["post-4739","post","type-post","status-publish","format-standard","has-post-thumbnail","hentry","category-general","category-p5","category-portada","category-portada-portada","category-primaria"],"post_mailing_queue_ids":[],"_links":{"self":[{"href":"https:\/\/agora.xtec.cat\/ceip-antoni-gaudi\/wp-json\/wp\/v2\/posts\/4739","targetHints":{"allow":["GET"]}}],"collection":[{"href":"https:\/\/agora.xtec.cat\/ceip-antoni-gaudi\/wp-json\/wp\/v2\/posts"}],"about":[{"href":"https:\/\/agora.xtec.cat\/ceip-antoni-gaudi\/wp-json\/wp\/v2\/types\/post"}],"author":[{"embeddable":true,"href":"https:\/\/agora.xtec.cat\/ceip-antoni-gaudi\/wp-json\/wp\/v2\/users\/5"}],"replies":[{"embeddable":true,"href":"https:\/\/agora.xtec.cat\/ceip-antoni-gaudi\/wp-json\/wp\/v2\/comments?post=4739"}],"version-history":[{"count":3,"href":"https:\/\/agora.xtec.cat\/ceip-antoni-gaudi\/wp-json\/wp\/v2\/posts\/4739\/revisions"}],"predecessor-version":[{"id":4743,"href":"https:\/\/agora.xtec.cat\/ceip-antoni-gaudi\/wp-json\/wp\/v2\/posts\/4739\/revisions\/4743"}],"wp:featuredmedia":[{"embeddable":true,"href":"https:\/\/agora.xtec.cat\/ceip-antoni-gaudi\/wp-json\/wp\/v2\/media\/4740"}],"wp:attachment":[{"href":"https:\/\/agora.xtec.cat\/ceip-antoni-gaudi\/wp-json\/wp\/v2\/media?parent=4739"}],"wp:term":[{"taxonomy":"category","embeddable":true,"href":"https:\/\/agora.xtec.cat\/ceip-antoni-gaudi\/wp-json\/wp\/v2\/categories?post=4739"},{"taxonomy":"post_tag","embeddable":true,"href":"https:\/\/agora.xtec.cat\/ceip-antoni-gaudi\/wp-json\/wp\/v2\/tags?post=4739"}],"curies":[{"name":"wp","href":"https:\/\/api.w.org\/{rel}","templated":true}]}}