{"id":4720,"date":"2022-06-03T18:46:20","date_gmt":"2022-06-03T16:46:20","guid":{"rendered":"https:\/\/agora.xtec.cat\/ceip-antoni-gaudi\/?p=4720"},"modified":"2022-06-03T18:46:20","modified_gmt":"2022-06-03T16:46:20","slug":"els-petits-anem-a-veure-lespectacle-els-instruments-del-mon","status":"publish","type":"post","link":"https:\/\/agora.xtec.cat\/ceip-antoni-gaudi\/general\/els-petits-anem-a-veure-lespectacle-els-instruments-del-mon\/","title":{"rendered":"ELS PETITS ANEM A VEURE L&#8217;ESPECTACLE: ELS INSTRUMENTS DEL M\u00d3N!"},"content":{"rendered":"<div>\n<p><span lang=\"CA\">Aquest dimecres, els m\u00e9s petits de l&#8217;escola vam anar al Mont \u00c0gora a veure l&#8217;espectacle:<span class=\"apple-converted-space\">\u00a0<\/span><strong>els instruments del m\u00f3n<\/strong><\/span><strong><span lang=\"CA\">\ud83c\udfb8\ud83c\udfb7\ud83c\udfb9\ud83c\udfbb\ud83c\udfba.<\/span><\/strong><span class=\"apple-converted-space\"><span lang=\"CA\">\u00a0<\/span><\/span><span lang=\"CA\">A trav\u00e9s de contes dels diferents continents vam anar coneixent diferents instruments com el txarango, un tipus de guitarra elaborada a partir d&#8217;un animal (armadillo) t\u00edpic de l&#8217;Am\u00e8rica llatina o, tamb\u00e9 el didjerid\u00fa, un instrument de la fam\u00edlia dels corns, tradicional dels abor\u00edgens australians&#8230;<span class=\"apple-converted-space\">\u00a0<\/span>En vam veure tants com continents tenim al m\u00f3n! Ens va agradar molt con\u00e8ixer els diferents contes sobre aquests instruments!\u00a0<\/span><\/p>\n<\/div>\n<div>\n<p><span lang=\"CA\">Us deixem un petit tastet de fotografies!\u00a0<\/span><\/p>\n<\/div>\n<p><a href=\"https:\/\/photos.app.goo.gl\/aky4ma7oqQSyLCGXA\"><img loading=\"lazy\" decoding=\"async\" class=\"aligncenter wp-image-4721 size-medium\" src=\"https:\/\/agora.xtec.cat\/ceip-antoni-gaudi\/wp-content\/uploads\/usu683\/2022\/06\/Captura-de-pantalla-2022-06-02-a-las-16.20.34-300x134.png\" alt=\"\" width=\"300\" height=\"134\" srcset=\"https:\/\/agora.xtec.cat\/ceip-antoni-gaudi\/wp-content\/uploads\/usu683\/2022\/06\/Captura-de-pantalla-2022-06-02-a-las-16.20.34-300x134.png 300w, https:\/\/agora.xtec.cat\/ceip-antoni-gaudi\/wp-content\/uploads\/usu683\/2022\/06\/Captura-de-pantalla-2022-06-02-a-las-16.20.34-768x344.png 768w, https:\/\/agora.xtec.cat\/ceip-antoni-gaudi\/wp-content\/uploads\/usu683\/2022\/06\/Captura-de-pantalla-2022-06-02-a-las-16.20.34.png 921w\" sizes=\"auto, (max-width: 300px) 100vw, 300px\" \/><\/a><\/p>\n","protected":false},"excerpt":{"rendered":"<p>Aquest dimecres, els m\u00e9s petits de l&#8217;escola vam anar al Mont \u00c0gora a veure l&#8217;espectacle:\u00a0els instruments del m\u00f3n\ud83c\udfb8\ud83c\udfb7\ud83c\udfb9\ud83c\udfbb\ud83c\udfba.\u00a0A trav\u00e9s de contes dels diferents continents vam anar coneixent diferents instruments com el txarango, un tipus de guitarra elaborada a partir d&#8217;un animal (armadillo) t\u00edpic de l&#8217;Am\u00e8rica&hellip;  <a href=\"https:\/\/agora.xtec.cat\/ceip-antoni-gaudi\/general\/els-petits-anem-a-veure-lespectacle-els-instruments-del-mon\/\" title=\"Read ELS PETITS ANEM A VEURE L&#8217;ESPECTACLE: ELS INSTRUMENTS DEL M\u00d3N!\">Llegeix m\u00e9s\u00bb<\/a><\/p>\n","protected":false},"author":6,"featured_media":0,"comment_status":"open","ping_status":"closed","sticky":false,"template":"","format":"standard","meta":{"_bbp_topic_count":0,"_bbp_reply_count":0,"_bbp_total_topic_count":0,"_bbp_total_reply_count":0,"_bbp_voice_count":0,"_bbp_anonymous_reply_count":0,"_bbp_topic_count_hidden":0,"_bbp_reply_count_hidden":0,"_bbp_forum_subforum_count":0,"footnotes":""},"categories":[1,3,8,9,2,4],"tags":[],"class_list":["post-4720","post","type-post","status-publish","format-standard","hentry","category-general","category-i3","category-i4","category-i5","category-infantil","category-portada"],"post_mailing_queue_ids":[],"_links":{"self":[{"href":"https:\/\/agora.xtec.cat\/ceip-antoni-gaudi\/wp-json\/wp\/v2\/posts\/4720","targetHints":{"allow":["GET"]}}],"collection":[{"href":"https:\/\/agora.xtec.cat\/ceip-antoni-gaudi\/wp-json\/wp\/v2\/posts"}],"about":[{"href":"https:\/\/agora.xtec.cat\/ceip-antoni-gaudi\/wp-json\/wp\/v2\/types\/post"}],"author":[{"embeddable":true,"href":"https:\/\/agora.xtec.cat\/ceip-antoni-gaudi\/wp-json\/wp\/v2\/users\/6"}],"replies":[{"embeddable":true,"href":"https:\/\/agora.xtec.cat\/ceip-antoni-gaudi\/wp-json\/wp\/v2\/comments?post=4720"}],"version-history":[{"count":3,"href":"https:\/\/agora.xtec.cat\/ceip-antoni-gaudi\/wp-json\/wp\/v2\/posts\/4720\/revisions"}],"predecessor-version":[{"id":4738,"href":"https:\/\/agora.xtec.cat\/ceip-antoni-gaudi\/wp-json\/wp\/v2\/posts\/4720\/revisions\/4738"}],"wp:attachment":[{"href":"https:\/\/agora.xtec.cat\/ceip-antoni-gaudi\/wp-json\/wp\/v2\/media?parent=4720"}],"wp:term":[{"taxonomy":"category","embeddable":true,"href":"https:\/\/agora.xtec.cat\/ceip-antoni-gaudi\/wp-json\/wp\/v2\/categories?post=4720"},{"taxonomy":"post_tag","embeddable":true,"href":"https:\/\/agora.xtec.cat\/ceip-antoni-gaudi\/wp-json\/wp\/v2\/tags?post=4720"}],"curies":[{"name":"wp","href":"https:\/\/api.w.org\/{rel}","templated":true}]}}