{"id":4667,"date":"2022-05-19T10:44:51","date_gmt":"2022-05-19T08:44:51","guid":{"rendered":"https:\/\/agora.xtec.cat\/ceip-antoni-gaudi\/?p=4667"},"modified":"2022-05-19T10:44:51","modified_gmt":"2022-05-19T08:44:51","slug":"treballem-per-projectes","status":"publish","type":"post","link":"https:\/\/agora.xtec.cat\/ceip-antoni-gaudi\/general\/treballem-per-projectes\/","title":{"rendered":"Treballem per projectes."},"content":{"rendered":"<p>Durant el mes de maig els i les alumnes de 6\u00e8 han comen\u00e7at dos nous projectes de coneixement del medi natural i social. A l&#8217;\u00e0mbit de medi social fan recerca i investigaci\u00f3 sobre el canvi clim\u00e0tic i les seves causes, i a l&#8217;\u00e0mbit de medi natural investiguen les c\u00e8l\u00b7lules (parts, funcions, reproducci\u00f3&#8230;).<\/p>\n<p>&nbsp;<\/p>\n<p>Cliqueu la imatge per veure m\u00e9s \ud83d\udcf8.<\/p>\n<p><a href=\"https:\/\/photos.app.goo.gl\/kzFaPsj3ihyGBPsp7\"><img loading=\"lazy\" decoding=\"async\" class=\"\" src=\"https:\/\/agora.xtec.cat\/ceip-antoni-gaudi\/wp-content\/uploads\/usu683\/2022\/05\/IMG_20220517_102439-1-scaled.jpg\" width=\"274\" height=\"366\" \/><\/a><\/p>\n","protected":false},"excerpt":{"rendered":"<p>Durant el mes de maig els i les alumnes de 6\u00e8 han comen\u00e7at dos nous projectes de coneixement del medi natural i social. A l&#8217;\u00e0mbit de medi social fan recerca i investigaci\u00f3 sobre el canvi clim\u00e0tic i les seves causes, i a l&#8217;\u00e0mbit de medi&hellip;  <a href=\"https:\/\/agora.xtec.cat\/ceip-antoni-gaudi\/general\/treballem-per-projectes\/\" title=\"Read Treballem per projectes.\">Llegeix m\u00e9s\u00bb<\/a><\/p>\n","protected":false},"author":5,"featured_media":4668,"comment_status":"open","ping_status":"closed","sticky":false,"template":"","format":"standard","meta":{"_bbp_topic_count":0,"_bbp_reply_count":0,"_bbp_total_topic_count":0,"_bbp_total_reply_count":0,"_bbp_voice_count":0,"_bbp_anonymous_reply_count":0,"_bbp_topic_count_hidden":0,"_bbp_reply_count_hidden":0,"_bbp_forum_subforum_count":0,"footnotes":""},"categories":[1,15,4,229,5],"tags":[],"class_list":["post-4667","post","type-post","status-publish","format-standard","has-post-thumbnail","hentry","category-general","category-p6","category-portada","category-portada-portada","category-primaria"],"post_mailing_queue_ids":[],"_links":{"self":[{"href":"https:\/\/agora.xtec.cat\/ceip-antoni-gaudi\/wp-json\/wp\/v2\/posts\/4667","targetHints":{"allow":["GET"]}}],"collection":[{"href":"https:\/\/agora.xtec.cat\/ceip-antoni-gaudi\/wp-json\/wp\/v2\/posts"}],"about":[{"href":"https:\/\/agora.xtec.cat\/ceip-antoni-gaudi\/wp-json\/wp\/v2\/types\/post"}],"author":[{"embeddable":true,"href":"https:\/\/agora.xtec.cat\/ceip-antoni-gaudi\/wp-json\/wp\/v2\/users\/5"}],"replies":[{"embeddable":true,"href":"https:\/\/agora.xtec.cat\/ceip-antoni-gaudi\/wp-json\/wp\/v2\/comments?post=4667"}],"version-history":[{"count":1,"href":"https:\/\/agora.xtec.cat\/ceip-antoni-gaudi\/wp-json\/wp\/v2\/posts\/4667\/revisions"}],"predecessor-version":[{"id":4669,"href":"https:\/\/agora.xtec.cat\/ceip-antoni-gaudi\/wp-json\/wp\/v2\/posts\/4667\/revisions\/4669"}],"wp:featuredmedia":[{"embeddable":true,"href":"https:\/\/agora.xtec.cat\/ceip-antoni-gaudi\/wp-json\/wp\/v2\/media\/4668"}],"wp:attachment":[{"href":"https:\/\/agora.xtec.cat\/ceip-antoni-gaudi\/wp-json\/wp\/v2\/media?parent=4667"}],"wp:term":[{"taxonomy":"category","embeddable":true,"href":"https:\/\/agora.xtec.cat\/ceip-antoni-gaudi\/wp-json\/wp\/v2\/categories?post=4667"},{"taxonomy":"post_tag","embeddable":true,"href":"https:\/\/agora.xtec.cat\/ceip-antoni-gaudi\/wp-json\/wp\/v2\/tags?post=4667"}],"curies":[{"name":"wp","href":"https:\/\/api.w.org\/{rel}","templated":true}]}}