{"id":4644,"date":"2022-05-12T11:38:21","date_gmt":"2022-05-12T09:38:21","guid":{"rendered":"https:\/\/agora.xtec.cat\/ceip-antoni-gaudi\/?p=4644"},"modified":"2022-05-12T11:38:21","modified_gmt":"2022-05-12T09:38:21","slug":"a-p5-fem-collarets","status":"publish","type":"post","link":"https:\/\/agora.xtec.cat\/ceip-antoni-gaudi\/general\/a-p5-fem-collarets\/","title":{"rendered":"A P5 FEM COLLARETS!"},"content":{"rendered":"<p style=\"text-align: justify;\">Els <strong><span style=\"color: #000000;\">ping\u00fcins<\/span><\/strong> i els <strong><span style=\"color: #000000;\">ossos polars <\/span><\/strong>hem creat els nostres propis collarets amb macarrons. Hem pintat els macarrons de quatre colors (<span style=\"color: #3366ff;\">blau<\/span>, <span style=\"color: #339966;\">verd<\/span>, <span style=\"color: #ffcc00;\">taronja<\/span> i <span style=\"color: #fa1157;\">vermell<\/span>) i els hem enfilat seguint una s\u00e8rie de quatre colors. Com s&#8217;ho han passat tan b\u00e9, molts infants han volgut repetir i fer bra\u00e7alets per les mans i els peus.<\/p>\n<p>Aqu\u00ed teniu les imatges!<\/p>\n<p><a href=\"https:\/\/photos.app.goo.gl\/gtmWVHVjezFyZwKB7\"><img loading=\"lazy\" decoding=\"async\" class=\"aligncenter  wp-image-4650\" src=\"https:\/\/agora.xtec.cat\/ceip-antoni-gaudi\/wp-content\/uploads\/usu683\/2022\/05\/collaret_Easy-Resize.com_.jpg\" alt=\"\" width=\"409\" height=\"267\" srcset=\"https:\/\/agora.xtec.cat\/ceip-antoni-gaudi\/wp-content\/uploads\/usu683\/2022\/05\/collaret_Easy-Resize.com_.jpg 1280w, https:\/\/agora.xtec.cat\/ceip-antoni-gaudi\/wp-content\/uploads\/usu683\/2022\/05\/collaret_Easy-Resize.com_-300x196.jpg 300w, https:\/\/agora.xtec.cat\/ceip-antoni-gaudi\/wp-content\/uploads\/usu683\/2022\/05\/collaret_Easy-Resize.com_-1024x670.jpg 1024w, https:\/\/agora.xtec.cat\/ceip-antoni-gaudi\/wp-content\/uploads\/usu683\/2022\/05\/collaret_Easy-Resize.com_-768x502.jpg 768w\" sizes=\"auto, (max-width: 409px) 100vw, 409px\" \/><\/a><\/p>\n","protected":false},"excerpt":{"rendered":"<p>Els ping\u00fcins i els ossos polars hem creat els nostres propis collarets amb macarrons. Hem pintat els macarrons de quatre colors (blau, verd, taronja i vermell) i els hem enfilat seguint una s\u00e8rie de quatre colors. Com s&#8217;ho han passat tan b\u00e9, molts infants han&hellip;  <a href=\"https:\/\/agora.xtec.cat\/ceip-antoni-gaudi\/general\/a-p5-fem-collarets\/\" title=\"Read A P5 FEM COLLARETS!\">Llegeix m\u00e9s\u00bb<\/a><\/p>\n","protected":false},"author":6,"featured_media":0,"comment_status":"open","ping_status":"closed","sticky":false,"template":"","format":"standard","meta":{"_bbp_topic_count":0,"_bbp_reply_count":0,"_bbp_total_topic_count":0,"_bbp_total_reply_count":0,"_bbp_voice_count":0,"_bbp_anonymous_reply_count":0,"_bbp_topic_count_hidden":0,"_bbp_reply_count_hidden":0,"_bbp_forum_subforum_count":0,"footnotes":""},"categories":[1,9,2,4],"tags":[],"class_list":["post-4644","post","type-post","status-publish","format-standard","hentry","category-general","category-i5","category-infantil","category-portada"],"post_mailing_queue_ids":[],"_links":{"self":[{"href":"https:\/\/agora.xtec.cat\/ceip-antoni-gaudi\/wp-json\/wp\/v2\/posts\/4644","targetHints":{"allow":["GET"]}}],"collection":[{"href":"https:\/\/agora.xtec.cat\/ceip-antoni-gaudi\/wp-json\/wp\/v2\/posts"}],"about":[{"href":"https:\/\/agora.xtec.cat\/ceip-antoni-gaudi\/wp-json\/wp\/v2\/types\/post"}],"author":[{"embeddable":true,"href":"https:\/\/agora.xtec.cat\/ceip-antoni-gaudi\/wp-json\/wp\/v2\/users\/6"}],"replies":[{"embeddable":true,"href":"https:\/\/agora.xtec.cat\/ceip-antoni-gaudi\/wp-json\/wp\/v2\/comments?post=4644"}],"version-history":[{"count":3,"href":"https:\/\/agora.xtec.cat\/ceip-antoni-gaudi\/wp-json\/wp\/v2\/posts\/4644\/revisions"}],"predecessor-version":[{"id":4652,"href":"https:\/\/agora.xtec.cat\/ceip-antoni-gaudi\/wp-json\/wp\/v2\/posts\/4644\/revisions\/4652"}],"wp:attachment":[{"href":"https:\/\/agora.xtec.cat\/ceip-antoni-gaudi\/wp-json\/wp\/v2\/media?parent=4644"}],"wp:term":[{"taxonomy":"category","embeddable":true,"href":"https:\/\/agora.xtec.cat\/ceip-antoni-gaudi\/wp-json\/wp\/v2\/categories?post=4644"},{"taxonomy":"post_tag","embeddable":true,"href":"https:\/\/agora.xtec.cat\/ceip-antoni-gaudi\/wp-json\/wp\/v2\/tags?post=4644"}],"curies":[{"name":"wp","href":"https:\/\/api.w.org\/{rel}","templated":true}]}}