{"id":4641,"date":"2022-05-12T11:38:53","date_gmt":"2022-05-12T09:38:53","guid":{"rendered":"https:\/\/agora.xtec.cat\/ceip-antoni-gaudi\/?p=4641"},"modified":"2022-05-12T11:38:53","modified_gmt":"2022-05-12T09:38:53","slug":"anem-a-la-biblioteca","status":"publish","type":"post","link":"https:\/\/agora.xtec.cat\/ceip-antoni-gaudi\/general\/anem-a-la-biblioteca\/","title":{"rendered":"ANEM A LA BIBLIOTECA!"},"content":{"rendered":"<p style=\"text-align: justify;\">Els nens i nenes de <strong><span style=\"color: #ff6600;\">la classe de<\/span><span style=\"color: #ff6600;\"><strong> les<\/strong> estrelles i dels cavallets de mar<\/span><\/strong> hem anat a la <strong><span style=\"color: #993366;\">biblioteca<\/span> <\/strong>del nostre municipi! All\u00e0, la Marta, ens va explicar un conte: <strong><span style=\"color: #008080;\">l&#8217;hort de la Simona<\/span> \ud83d\udc30\ud83c\udf31.\u00a0<\/strong>Una conilleta que tenia un hort en el que tots els seus ve\u00efns hi acaben plantant!<br \/>\nEns va agradar molt la hist\u00f2ria! A m\u00e9s, despr\u00e9s vam poder pintar una fruita i verdura per decorar la biblioteca amb els nostres dibuixos!<\/p>\n<p style=\"text-align: justify;\">Us deixem un tastet de fotografies, a conti<span style=\"font-family: inherit; font-size: 1em;\">nuaci\u00f3!\u00a0<\/span><\/p>\n<p><a href=\"https:\/\/photos.app.goo.gl\/qyNba6UwYEL5BicS9\"><img loading=\"lazy\" decoding=\"async\" class=\"aligncenter wp-image-4642 size-medium\" src=\"https:\/\/agora.xtec.cat\/ceip-antoni-gaudi\/wp-content\/uploads\/usu683\/2022\/05\/Captura-de-pantalla-2022-05-11-a-las-15.53.37-300x242.png\" alt=\"\" width=\"300\" height=\"242\" srcset=\"https:\/\/agora.xtec.cat\/ceip-antoni-gaudi\/wp-content\/uploads\/usu683\/2022\/05\/Captura-de-pantalla-2022-05-11-a-las-15.53.37-300x242.png 300w, https:\/\/agora.xtec.cat\/ceip-antoni-gaudi\/wp-content\/uploads\/usu683\/2022\/05\/Captura-de-pantalla-2022-05-11-a-las-15.53.37.png 452w\" sizes=\"auto, (max-width: 300px) 100vw, 300px\" \/><\/a><\/p>\n<p style=\"text-align: justify;\">Anar a la biblioteca els va agradar molt! All\u00e0 van poder veure molts contes diferents; \u00e9s molt enriquidor anar-hi de tant en tant! Aix\u00ed que, ja sabeu fam\u00edlies, aqu\u00ed us deixem aquesta proposta!<\/p>\n<p>&nbsp;<\/p>\n","protected":false},"excerpt":{"rendered":"<p>Els nens i nenes de la classe de les estrelles i dels cavallets de mar hem anat a la biblioteca del nostre municipi! All\u00e0, la Marta, ens va explicar un conte: l&#8217;hort de la Simona \ud83d\udc30\ud83c\udf31.\u00a0Una conilleta que tenia un hort en el que tots&hellip;  <a href=\"https:\/\/agora.xtec.cat\/ceip-antoni-gaudi\/general\/anem-a-la-biblioteca\/\" title=\"Read ANEM A LA BIBLIOTECA!\">Llegeix m\u00e9s\u00bb<\/a><\/p>\n","protected":false},"author":6,"featured_media":0,"comment_status":"open","ping_status":"closed","sticky":false,"template":"","format":"standard","meta":{"_bbp_topic_count":0,"_bbp_reply_count":0,"_bbp_total_topic_count":0,"_bbp_total_reply_count":0,"_bbp_voice_count":0,"_bbp_anonymous_reply_count":0,"_bbp_topic_count_hidden":0,"_bbp_reply_count_hidden":0,"_bbp_forum_subforum_count":0,"footnotes":""},"categories":[1,8,2,4],"tags":[],"class_list":["post-4641","post","type-post","status-publish","format-standard","hentry","category-general","category-i4","category-infantil","category-portada"],"post_mailing_queue_ids":[],"_links":{"self":[{"href":"https:\/\/agora.xtec.cat\/ceip-antoni-gaudi\/wp-json\/wp\/v2\/posts\/4641","targetHints":{"allow":["GET"]}}],"collection":[{"href":"https:\/\/agora.xtec.cat\/ceip-antoni-gaudi\/wp-json\/wp\/v2\/posts"}],"about":[{"href":"https:\/\/agora.xtec.cat\/ceip-antoni-gaudi\/wp-json\/wp\/v2\/types\/post"}],"author":[{"embeddable":true,"href":"https:\/\/agora.xtec.cat\/ceip-antoni-gaudi\/wp-json\/wp\/v2\/users\/6"}],"replies":[{"embeddable":true,"href":"https:\/\/agora.xtec.cat\/ceip-antoni-gaudi\/wp-json\/wp\/v2\/comments?post=4641"}],"version-history":[{"count":2,"href":"https:\/\/agora.xtec.cat\/ceip-antoni-gaudi\/wp-json\/wp\/v2\/posts\/4641\/revisions"}],"predecessor-version":[{"id":4653,"href":"https:\/\/agora.xtec.cat\/ceip-antoni-gaudi\/wp-json\/wp\/v2\/posts\/4641\/revisions\/4653"}],"wp:attachment":[{"href":"https:\/\/agora.xtec.cat\/ceip-antoni-gaudi\/wp-json\/wp\/v2\/media?parent=4641"}],"wp:term":[{"taxonomy":"category","embeddable":true,"href":"https:\/\/agora.xtec.cat\/ceip-antoni-gaudi\/wp-json\/wp\/v2\/categories?post=4641"},{"taxonomy":"post_tag","embeddable":true,"href":"https:\/\/agora.xtec.cat\/ceip-antoni-gaudi\/wp-json\/wp\/v2\/tags?post=4641"}],"curies":[{"name":"wp","href":"https:\/\/api.w.org\/{rel}","templated":true}]}}