{"id":4625,"date":"2022-05-06T09:47:50","date_gmt":"2022-05-06T07:47:50","guid":{"rendered":"https:\/\/agora.xtec.cat\/ceip-antoni-gaudi\/?p=4625"},"modified":"2022-05-06T09:47:50","modified_gmt":"2022-05-06T07:47:50","slug":"ens-visita-la-piki","status":"publish","type":"post","link":"https:\/\/agora.xtec.cat\/ceip-antoni-gaudi\/general\/ens-visita-la-piki\/","title":{"rendered":"ENS VISITA LA PIKI!"},"content":{"rendered":"<p>Ha arribat el dia que la classe del <span style=\"color: #339966;\">Cavall Bernat<\/span> est\u00e0vem esperant. El dia que podr\u00edem con\u00e8ixer en persona a la nostra estimada <span style=\"color: #ff00ff;\">Piki<\/span> perqu\u00e8 ens ha fet una visita a la nostra classe. Li hem pogut ensenyar el <span style=\"color: #ff6600;\">nostre rac\u00f3 de la Piki<\/span> on hi tenim totes les coses que ens ha anat demanant al llarg del curs amb les nostres trobades virtuals. La Piki ha arribat corrents, carregada de maletes i acompanyada dels seus animalets: l&#8217;<span style=\"color: #cc99ff;\">abella Cuqui<\/span>, el <span style=\"color: #ffcc00;\">peix Samuel<\/span> i la <span style=\"color: #993366;\">marieta Filomena\u00a0<span style=\"color: #000000;\">i preparada per explicar-nos contes i passar una bona estona plegats.<\/span><\/span><\/p>\n<p>&nbsp;<\/p>\n<p><a href=\"https:\/\/photos.app.goo.gl\/S84sd93WDsKe1Dpg8\"><span style=\"color: #993366;\"><span style=\"color: #000000;\"><img loading=\"lazy\" decoding=\"async\" class=\"aligncenter size-medium wp-image-4626\" src=\"https:\/\/agora.xtec.cat\/ceip-antoni-gaudi\/wp-content\/uploads\/usu683\/2022\/05\/foto-grup-piki-1-300x225.jpg\" alt=\"\" width=\"300\" height=\"225\" srcset=\"https:\/\/agora.xtec.cat\/ceip-antoni-gaudi\/wp-content\/uploads\/usu683\/2022\/05\/foto-grup-piki-1-300x225.jpg 300w, https:\/\/agora.xtec.cat\/ceip-antoni-gaudi\/wp-content\/uploads\/usu683\/2022\/05\/foto-grup-piki-1-1024x768.jpg 1024w, https:\/\/agora.xtec.cat\/ceip-antoni-gaudi\/wp-content\/uploads\/usu683\/2022\/05\/foto-grup-piki-1-768x576.jpg 768w, https:\/\/agora.xtec.cat\/ceip-antoni-gaudi\/wp-content\/uploads\/usu683\/2022\/05\/foto-grup-piki-1-1536x1152.jpg 1536w, https:\/\/agora.xtec.cat\/ceip-antoni-gaudi\/wp-content\/uploads\/usu683\/2022\/05\/foto-grup-piki-1-2048x1536.jpg 2048w, https:\/\/agora.xtec.cat\/ceip-antoni-gaudi\/wp-content\/uploads\/usu683\/2022\/05\/foto-grup-piki-1-200x150.jpg 200w\" sizes=\"auto, (max-width: 300px) 100vw, 300px\" \/><\/span><\/span><\/a><\/p>\n","protected":false},"excerpt":{"rendered":"<p>Ha arribat el dia que la classe del Cavall Bernat est\u00e0vem esperant. El dia que podr\u00edem con\u00e8ixer en persona a la nostra estimada Piki perqu\u00e8 ens ha fet una visita a la nostra classe. Li hem pogut ensenyar el nostre rac\u00f3 de la Piki on&hellip;  <a href=\"https:\/\/agora.xtec.cat\/ceip-antoni-gaudi\/general\/ens-visita-la-piki\/\" title=\"Read ENS VISITA LA PIKI!\">Llegeix m\u00e9s\u00bb<\/a><\/p>\n","protected":false},"author":4,"featured_media":4626,"comment_status":"open","ping_status":"closed","sticky":false,"template":"","format":"standard","meta":{"_bbp_topic_count":0,"_bbp_reply_count":0,"_bbp_total_topic_count":0,"_bbp_total_reply_count":0,"_bbp_voice_count":0,"_bbp_anonymous_reply_count":0,"_bbp_topic_count_hidden":0,"_bbp_reply_count_hidden":0,"_bbp_forum_subforum_count":0,"footnotes":""},"categories":[1,10,4,229],"tags":[],"class_list":["post-4625","post","type-post","status-publish","format-standard","has-post-thumbnail","hentry","category-general","category-p1","category-portada","category-portada-portada"],"post_mailing_queue_ids":[],"_links":{"self":[{"href":"https:\/\/agora.xtec.cat\/ceip-antoni-gaudi\/wp-json\/wp\/v2\/posts\/4625","targetHints":{"allow":["GET"]}}],"collection":[{"href":"https:\/\/agora.xtec.cat\/ceip-antoni-gaudi\/wp-json\/wp\/v2\/posts"}],"about":[{"href":"https:\/\/agora.xtec.cat\/ceip-antoni-gaudi\/wp-json\/wp\/v2\/types\/post"}],"author":[{"embeddable":true,"href":"https:\/\/agora.xtec.cat\/ceip-antoni-gaudi\/wp-json\/wp\/v2\/users\/4"}],"replies":[{"embeddable":true,"href":"https:\/\/agora.xtec.cat\/ceip-antoni-gaudi\/wp-json\/wp\/v2\/comments?post=4625"}],"version-history":[{"count":1,"href":"https:\/\/agora.xtec.cat\/ceip-antoni-gaudi\/wp-json\/wp\/v2\/posts\/4625\/revisions"}],"predecessor-version":[{"id":4627,"href":"https:\/\/agora.xtec.cat\/ceip-antoni-gaudi\/wp-json\/wp\/v2\/posts\/4625\/revisions\/4627"}],"wp:featuredmedia":[{"embeddable":true,"href":"https:\/\/agora.xtec.cat\/ceip-antoni-gaudi\/wp-json\/wp\/v2\/media\/4626"}],"wp:attachment":[{"href":"https:\/\/agora.xtec.cat\/ceip-antoni-gaudi\/wp-json\/wp\/v2\/media?parent=4625"}],"wp:term":[{"taxonomy":"category","embeddable":true,"href":"https:\/\/agora.xtec.cat\/ceip-antoni-gaudi\/wp-json\/wp\/v2\/categories?post=4625"},{"taxonomy":"post_tag","embeddable":true,"href":"https:\/\/agora.xtec.cat\/ceip-antoni-gaudi\/wp-json\/wp\/v2\/tags?post=4625"}],"curies":[{"name":"wp","href":"https:\/\/api.w.org\/{rel}","templated":true}]}}