{"id":4621,"date":"2022-05-12T11:39:27","date_gmt":"2022-05-12T09:39:27","guid":{"rendered":"https:\/\/agora.xtec.cat\/ceip-antoni-gaudi\/?p=4621"},"modified":"2022-05-12T11:39:27","modified_gmt":"2022-05-12T09:39:27","slug":"de-capgrossos-a-granotes","status":"publish","type":"post","link":"https:\/\/agora.xtec.cat\/ceip-antoni-gaudi\/general\/de-capgrossos-a-granotes\/","title":{"rendered":"DE CAPGROSSOS A GRANOTES!"},"content":{"rendered":"<div>\n<p style=\"text-align: justify;\"><span lang=\"CA\">Els nens i nenes de la <strong><span style=\"color: #008000;\">classe de les Granotes<\/span> <\/strong><\/span><span lang=\"CA\">\ud83d\udc38<\/span><span lang=\"CA\"> hem pogut veure l&#8217;evoluci\u00f3 dels capgrossos que tenim a la classe. Quan vam tornar de les vacances de setmana santa ja ten\u00edem una granoteta petita, per\u00f2 aquest dilluns ens hem trobat amb una sorpresa: <strong><span style=\"color: #339966;\">JA EN TENIEM CINC!!<\/span><\/strong> \ud83d\udc38\ud83d\udc38\ud83d\udc38\ud83d\udc38<\/span><\/p>\n<\/div>\n<div>\n<p style=\"text-align: justify;\"><span lang=\"CA\">Ens vam emocionar molt! Les vam poder observar, tocar i veure-les en acci\u00f3!\u00a0<\/span><\/p>\n<p style=\"text-align: justify;\">Us deixem un recull de fotografies!!<\/p>\n<p><a href=\"https:\/\/photos.app.goo.gl\/SZgQuxSdr1kypxqB6\"><img loading=\"lazy\" decoding=\"async\" class=\"aligncenter size-full wp-image-4622\" src=\"https:\/\/agora.xtec.cat\/ceip-antoni-gaudi\/wp-content\/uploads\/usu683\/2022\/05\/Captura-de-pantalla-2022-05-05-a-las-14.05.04.png\" alt=\"\" width=\"477\" height=\"267\" srcset=\"https:\/\/agora.xtec.cat\/ceip-antoni-gaudi\/wp-content\/uploads\/usu683\/2022\/05\/Captura-de-pantalla-2022-05-05-a-las-14.05.04.png 477w, https:\/\/agora.xtec.cat\/ceip-antoni-gaudi\/wp-content\/uploads\/usu683\/2022\/05\/Captura-de-pantalla-2022-05-05-a-las-14.05.04-300x168.png 300w\" sizes=\"auto, (max-width: 477px) 100vw, 477px\" \/><\/a><\/p>\n<\/div>\n","protected":false},"excerpt":{"rendered":"<p>Els nens i nenes de la classe de les Granotes \ud83d\udc38 hem pogut veure l&#8217;evoluci\u00f3 dels capgrossos que tenim a la classe. Quan vam tornar de les vacances de setmana santa ja ten\u00edem una granoteta petita, per\u00f2 aquest dilluns ens hem trobat amb una sorpresa:&hellip;  <a href=\"https:\/\/agora.xtec.cat\/ceip-antoni-gaudi\/general\/de-capgrossos-a-granotes\/\" title=\"Read DE CAPGROSSOS A GRANOTES!\">Llegeix m\u00e9s\u00bb<\/a><\/p>\n","protected":false},"author":6,"featured_media":0,"comment_status":"open","ping_status":"closed","sticky":false,"template":"","format":"standard","meta":{"_bbp_topic_count":0,"_bbp_reply_count":0,"_bbp_total_topic_count":0,"_bbp_total_reply_count":0,"_bbp_voice_count":0,"_bbp_anonymous_reply_count":0,"_bbp_topic_count_hidden":0,"_bbp_reply_count_hidden":0,"_bbp_forum_subforum_count":0,"footnotes":""},"categories":[1,3,2,4],"tags":[],"class_list":["post-4621","post","type-post","status-publish","format-standard","hentry","category-general","category-i3","category-infantil","category-portada"],"post_mailing_queue_ids":[],"_links":{"self":[{"href":"https:\/\/agora.xtec.cat\/ceip-antoni-gaudi\/wp-json\/wp\/v2\/posts\/4621","targetHints":{"allow":["GET"]}}],"collection":[{"href":"https:\/\/agora.xtec.cat\/ceip-antoni-gaudi\/wp-json\/wp\/v2\/posts"}],"about":[{"href":"https:\/\/agora.xtec.cat\/ceip-antoni-gaudi\/wp-json\/wp\/v2\/types\/post"}],"author":[{"embeddable":true,"href":"https:\/\/agora.xtec.cat\/ceip-antoni-gaudi\/wp-json\/wp\/v2\/users\/6"}],"replies":[{"embeddable":true,"href":"https:\/\/agora.xtec.cat\/ceip-antoni-gaudi\/wp-json\/wp\/v2\/comments?post=4621"}],"version-history":[{"count":3,"href":"https:\/\/agora.xtec.cat\/ceip-antoni-gaudi\/wp-json\/wp\/v2\/posts\/4621\/revisions"}],"predecessor-version":[{"id":4654,"href":"https:\/\/agora.xtec.cat\/ceip-antoni-gaudi\/wp-json\/wp\/v2\/posts\/4621\/revisions\/4654"}],"wp:attachment":[{"href":"https:\/\/agora.xtec.cat\/ceip-antoni-gaudi\/wp-json\/wp\/v2\/media?parent=4621"}],"wp:term":[{"taxonomy":"category","embeddable":true,"href":"https:\/\/agora.xtec.cat\/ceip-antoni-gaudi\/wp-json\/wp\/v2\/categories?post=4621"},{"taxonomy":"post_tag","embeddable":true,"href":"https:\/\/agora.xtec.cat\/ceip-antoni-gaudi\/wp-json\/wp\/v2\/tags?post=4621"}],"curies":[{"name":"wp","href":"https:\/\/api.w.org\/{rel}","templated":true}]}}