{"id":4588,"date":"2022-04-28T16:19:48","date_gmt":"2022-04-28T14:19:48","guid":{"rendered":"https:\/\/agora.xtec.cat\/ceip-antoni-gaudi\/?p=4588"},"modified":"2022-04-28T16:20:43","modified_gmt":"2022-04-28T14:20:43","slug":"els-petits-anem-al-museu-de-la-tecnica-de-manresa","status":"publish","type":"post","link":"https:\/\/agora.xtec.cat\/ceip-antoni-gaudi\/general\/els-petits-anem-al-museu-de-la-tecnica-de-manresa\/","title":{"rendered":"ELS PETITS HEM ANAT AL MUSEU DE LA T\u00c8CNICA DE MANRESA!"},"content":{"rendered":"<p>Aquest dilluns, els m\u00e9s petits de l&#8217;escola vam anar d&#8217;excursi\u00f3 al <strong>Museu de la T\u00e8cnica de Manresa<\/strong>. All\u00e0 vam fer dos tallers:<\/p>\n<ul>\n<li><strong><span style=\"color: #008000;\">Les plantes fan llana?<\/span> <\/strong><\/li>\n<\/ul>\n<p>Els nens i nenes van poder con\u00e8ixer els diferents tipus de teixit que utilitzem per confeccionar les nostres peces de roba.<\/p>\n<ul>\n<li><strong><span style=\"color: #993366;\">T\u00e8cnica 0-6 \u00a0<\/span><\/strong><\/li>\n<\/ul>\n<p>En aquest taller els infants van poder experimentar i manipular diferents propostes cient\u00edfiques.<\/p>\n<p>Aprofitant la sortida, vam anar fins al<span style=\"color: #99cc00;\"> <strong>Parc de l&#8217;Agulla<\/strong><\/span> \ud83c\udf33\ud83c\udf31a dinar. Despr\u00e9s, els petits de l&#8217;escola van poder gaudir de l&#8217;entorn: jugant als diferents parcs adaptats als infants, observant els \u00e0necs \ud83e\udd83 \ud83e\udd83\ud83e\udd83que nedaven per la S\u00e9quia&#8230;<\/p>\n<p>Vam gaudir-la molt! Us deixem un tast de fotografies, a continuaci\u00f3!<\/p>\n<p><a href=\"https:\/\/photos.app.goo.gl\/jVqmKKPLa5NT9H4i8\"><img loading=\"lazy\" decoding=\"async\" class=\"aligncenter wp-image-4590\" src=\"https:\/\/agora.xtec.cat\/ceip-antoni-gaudi\/wp-content\/uploads\/usu683\/2022\/04\/Sense-titol.jpg\" alt=\"\" width=\"511\" height=\"188\" srcset=\"https:\/\/agora.xtec.cat\/ceip-antoni-gaudi\/wp-content\/uploads\/usu683\/2022\/04\/Sense-titol.jpg 1127w, https:\/\/agora.xtec.cat\/ceip-antoni-gaudi\/wp-content\/uploads\/usu683\/2022\/04\/Sense-titol-300x110.jpg 300w, https:\/\/agora.xtec.cat\/ceip-antoni-gaudi\/wp-content\/uploads\/usu683\/2022\/04\/Sense-titol-1024x376.jpg 1024w, https:\/\/agora.xtec.cat\/ceip-antoni-gaudi\/wp-content\/uploads\/usu683\/2022\/04\/Sense-titol-768x282.jpg 768w\" sizes=\"auto, (max-width: 511px) 100vw, 511px\" \/><\/a><\/p>\n<p>&nbsp;<\/p>\n","protected":false},"excerpt":{"rendered":"<p>Aquest dilluns, els m\u00e9s petits de l&#8217;escola vam anar d&#8217;excursi\u00f3 al Museu de la T\u00e8cnica de Manresa. All\u00e0 vam fer dos tallers:<\/p>\n<ul>\n<li>Les plantes fan llana? <\/li>\n<\/ul>\n<p>Els nens i nenes van poder con\u00e8ixer els diferents tipus de teixit que utilitzem per confeccionar les nostres peces de&hellip;  <a href=\"https:\/\/agora.xtec.cat\/ceip-antoni-gaudi\/general\/els-petits-anem-al-museu-de-la-tecnica-de-manresa\/\" title=\"Read ELS PETITS HEM ANAT AL MUSEU DE LA T\u00c8CNICA DE MANRESA!\">Llegeix m\u00e9s\u00bb<\/a><\/p>\n","protected":false},"author":6,"featured_media":0,"comment_status":"open","ping_status":"closed","sticky":false,"template":"","format":"standard","meta":{"_bbp_topic_count":0,"_bbp_reply_count":0,"_bbp_total_topic_count":0,"_bbp_total_reply_count":0,"_bbp_voice_count":0,"_bbp_anonymous_reply_count":0,"_bbp_topic_count_hidden":0,"_bbp_reply_count_hidden":0,"_bbp_forum_subforum_count":0,"footnotes":""},"categories":[1,3,8,9,2,4],"tags":[],"class_list":["post-4588","post","type-post","status-publish","format-standard","hentry","category-general","category-i3","category-i4","category-i5","category-infantil","category-portada"],"post_mailing_queue_ids":[],"_links":{"self":[{"href":"https:\/\/agora.xtec.cat\/ceip-antoni-gaudi\/wp-json\/wp\/v2\/posts\/4588","targetHints":{"allow":["GET"]}}],"collection":[{"href":"https:\/\/agora.xtec.cat\/ceip-antoni-gaudi\/wp-json\/wp\/v2\/posts"}],"about":[{"href":"https:\/\/agora.xtec.cat\/ceip-antoni-gaudi\/wp-json\/wp\/v2\/types\/post"}],"author":[{"embeddable":true,"href":"https:\/\/agora.xtec.cat\/ceip-antoni-gaudi\/wp-json\/wp\/v2\/users\/6"}],"replies":[{"embeddable":true,"href":"https:\/\/agora.xtec.cat\/ceip-antoni-gaudi\/wp-json\/wp\/v2\/comments?post=4588"}],"version-history":[{"count":3,"href":"https:\/\/agora.xtec.cat\/ceip-antoni-gaudi\/wp-json\/wp\/v2\/posts\/4588\/revisions"}],"predecessor-version":[{"id":4593,"href":"https:\/\/agora.xtec.cat\/ceip-antoni-gaudi\/wp-json\/wp\/v2\/posts\/4588\/revisions\/4593"}],"wp:attachment":[{"href":"https:\/\/agora.xtec.cat\/ceip-antoni-gaudi\/wp-json\/wp\/v2\/media?parent=4588"}],"wp:term":[{"taxonomy":"category","embeddable":true,"href":"https:\/\/agora.xtec.cat\/ceip-antoni-gaudi\/wp-json\/wp\/v2\/categories?post=4588"},{"taxonomy":"post_tag","embeddable":true,"href":"https:\/\/agora.xtec.cat\/ceip-antoni-gaudi\/wp-json\/wp\/v2\/tags?post=4588"}],"curies":[{"name":"wp","href":"https:\/\/api.w.org\/{rel}","templated":true}]}}