{"id":4581,"date":"2022-04-25T09:43:32","date_gmt":"2022-04-25T07:43:32","guid":{"rendered":"https:\/\/agora.xtec.cat\/ceip-antoni-gaudi\/?p=4581"},"modified":"2022-04-25T09:43:32","modified_gmt":"2022-04-25T07:43:32","slug":"sant-jordi-5e","status":"publish","type":"post","link":"https:\/\/agora.xtec.cat\/ceip-antoni-gaudi\/general\/sant-jordi-5e\/","title":{"rendered":"Sant Jordi 5\u00e8"},"content":{"rendered":"<p>El divendres vam celebrar la <span style=\"color: #ff0000;\"><strong>Diada <span style=\"color: #003300;\">de<\/span> Sant <span style=\"color: #003300;\">Jordi<\/span><\/strong><\/span> a l&#8217;escola. \ud83c\udf39\ud83d\udc09\ud83d\udcda Durant el mat\u00ed vam fer uns punts de llibre que despr\u00e9s vam regalar als nostres companys i companyes. Tamb\u00e9 vam aprofitar el bon temps per llegir una estona al pati. A la tarda es va celebrar el <em>certamen literari<\/em> i vam fer el <em>ball de bastons<\/em>.<\/p>\n<p>Cliqueu la imatge per veure totes les fotos \ud83d\udcf8<\/p>\n<p><a href=\"https:\/\/photos.app.goo.gl\/uZ7hENbxGrttJgsr6\"><img loading=\"lazy\" decoding=\"async\" class=\"alignnone size-medium wp-image-4582\" src=\"https:\/\/agora.xtec.cat\/ceip-antoni-gaudi\/wp-content\/uploads\/usu683\/2022\/04\/20220422_155811-300x225.jpg\" alt=\"\" width=\"300\" height=\"225\" srcset=\"https:\/\/agora.xtec.cat\/ceip-antoni-gaudi\/wp-content\/uploads\/usu683\/2022\/04\/20220422_155811-300x225.jpg 300w, https:\/\/agora.xtec.cat\/ceip-antoni-gaudi\/wp-content\/uploads\/usu683\/2022\/04\/20220422_155811-768x576.jpg 768w, https:\/\/agora.xtec.cat\/ceip-antoni-gaudi\/wp-content\/uploads\/usu683\/2022\/04\/20220422_155811-200x150.jpg 200w, https:\/\/agora.xtec.cat\/ceip-antoni-gaudi\/wp-content\/uploads\/usu683\/2022\/04\/20220422_155811.jpg 876w\" sizes=\"auto, (max-width: 300px) 100vw, 300px\" \/><\/a><\/p>\n","protected":false},"excerpt":{"rendered":"<p>El divendres vam celebrar la Diada de Sant Jordi a l&#8217;escola. \ud83c\udf39\ud83d\udc09\ud83d\udcda Durant el mat\u00ed vam fer uns punts de llibre que despr\u00e9s vam regalar als nostres companys i companyes. Tamb\u00e9 vam aprofitar el bon temps per llegir una estona al pati. A la tarda&hellip;  <a href=\"https:\/\/agora.xtec.cat\/ceip-antoni-gaudi\/general\/sant-jordi-5e\/\" title=\"Read Sant Jordi 5\u00e8\">Llegeix m\u00e9s\u00bb<\/a><\/p>\n","protected":false},"author":5,"featured_media":4582,"comment_status":"open","ping_status":"closed","sticky":false,"template":"","format":"standard","meta":{"_bbp_topic_count":0,"_bbp_reply_count":0,"_bbp_total_topic_count":0,"_bbp_total_reply_count":0,"_bbp_voice_count":0,"_bbp_anonymous_reply_count":0,"_bbp_topic_count_hidden":0,"_bbp_reply_count_hidden":0,"_bbp_forum_subforum_count":0,"footnotes":""},"categories":[1,14,4,229,5],"tags":[],"class_list":["post-4581","post","type-post","status-publish","format-standard","has-post-thumbnail","hentry","category-general","category-p5","category-portada","category-portada-portada","category-primaria"],"post_mailing_queue_ids":[],"_links":{"self":[{"href":"https:\/\/agora.xtec.cat\/ceip-antoni-gaudi\/wp-json\/wp\/v2\/posts\/4581","targetHints":{"allow":["GET"]}}],"collection":[{"href":"https:\/\/agora.xtec.cat\/ceip-antoni-gaudi\/wp-json\/wp\/v2\/posts"}],"about":[{"href":"https:\/\/agora.xtec.cat\/ceip-antoni-gaudi\/wp-json\/wp\/v2\/types\/post"}],"author":[{"embeddable":true,"href":"https:\/\/agora.xtec.cat\/ceip-antoni-gaudi\/wp-json\/wp\/v2\/users\/5"}],"replies":[{"embeddable":true,"href":"https:\/\/agora.xtec.cat\/ceip-antoni-gaudi\/wp-json\/wp\/v2\/comments?post=4581"}],"version-history":[{"count":1,"href":"https:\/\/agora.xtec.cat\/ceip-antoni-gaudi\/wp-json\/wp\/v2\/posts\/4581\/revisions"}],"predecessor-version":[{"id":4583,"href":"https:\/\/agora.xtec.cat\/ceip-antoni-gaudi\/wp-json\/wp\/v2\/posts\/4581\/revisions\/4583"}],"wp:featuredmedia":[{"embeddable":true,"href":"https:\/\/agora.xtec.cat\/ceip-antoni-gaudi\/wp-json\/wp\/v2\/media\/4582"}],"wp:attachment":[{"href":"https:\/\/agora.xtec.cat\/ceip-antoni-gaudi\/wp-json\/wp\/v2\/media?parent=4581"}],"wp:term":[{"taxonomy":"category","embeddable":true,"href":"https:\/\/agora.xtec.cat\/ceip-antoni-gaudi\/wp-json\/wp\/v2\/categories?post=4581"},{"taxonomy":"post_tag","embeddable":true,"href":"https:\/\/agora.xtec.cat\/ceip-antoni-gaudi\/wp-json\/wp\/v2\/tags?post=4581"}],"curies":[{"name":"wp","href":"https:\/\/api.w.org\/{rel}","templated":true}]}}