{"id":4564,"date":"2022-04-22T23:12:31","date_gmt":"2022-04-22T21:12:31","guid":{"rendered":"https:\/\/agora.xtec.cat\/ceip-antoni-gaudi\/?p=4564"},"modified":"2022-04-22T23:12:31","modified_gmt":"2022-04-22T21:12:31","slug":"diada-de-sant-jordi-a-infantil","status":"publish","type":"post","link":"https:\/\/agora.xtec.cat\/ceip-antoni-gaudi\/general\/diada-de-sant-jordi-a-infantil\/","title":{"rendered":"DIADA DE SANT JORDI A INFANTIL!"},"content":{"rendered":"<p>Avui hem celebrat la<strong><span style=\"color: #ff0000;\"> Diada de Sant Jordi<\/span> \ud83d\udc09\ud83c\udf39\ud83d\udcda<\/strong>a l&#8217;escola! Durant el mati, els petits hem anat a l&#8217;Ajuntament del nostre poble. All\u00e0 ens esperava la M\u00f2nica, una conta contes molt divertida, que ens ha explicat la hist\u00f2ria de la <strong><span style=\"color: #666699;\">Zebra Camil\u00b7la!<br \/>\n<\/span><\/strong>A la tarda, a l&#8217;escola hem celebrat el certamen literari!\ud83d\udcda\ud83d\udcda Hem gaudit de balls i de l&#8217;entrega dels premis als nostres companys!<\/p>\n<p>Us deixem un tastet de fotografies del dia d&#8217;avui!<\/p>\n<p>Bona Diada de Sant Jordi! \ud83c\udf39\ud83d\udcda<\/p>\n<p><a href=\"https:\/\/photos.app.goo.gl\/zQA3wx5iPcksMwyY6\"><img loading=\"lazy\" decoding=\"async\" class=\"aligncenter wp-image-4567 size-medium\" src=\"https:\/\/agora.xtec.cat\/ceip-antoni-gaudi\/wp-content\/uploads\/usu683\/2022\/04\/sant-jordi-300x193.png\" alt=\"\" width=\"300\" height=\"193\" srcset=\"https:\/\/agora.xtec.cat\/ceip-antoni-gaudi\/wp-content\/uploads\/usu683\/2022\/04\/sant-jordi-300x193.png 300w, https:\/\/agora.xtec.cat\/ceip-antoni-gaudi\/wp-content\/uploads\/usu683\/2022\/04\/sant-jordi-1024x660.png 1024w, https:\/\/agora.xtec.cat\/ceip-antoni-gaudi\/wp-content\/uploads\/usu683\/2022\/04\/sant-jordi-768x495.png 768w, https:\/\/agora.xtec.cat\/ceip-antoni-gaudi\/wp-content\/uploads\/usu683\/2022\/04\/sant-jordi.png 1529w\" sizes=\"auto, (max-width: 300px) 100vw, 300px\" \/><\/a><\/p>\n","protected":false},"excerpt":{"rendered":"<p>Avui hem celebrat la Diada de Sant Jordi \ud83d\udc09\ud83c\udf39\ud83d\udcdaa l&#8217;escola! Durant el mati, els petits hem anat a l&#8217;Ajuntament del nostre poble. All\u00e0 ens esperava la M\u00f2nica, una conta contes molt divertida, que ens ha explicat la hist\u00f2ria de la Zebra Camil\u00b7la!<br \/>\nA la tarda, a&hellip;  <a href=\"https:\/\/agora.xtec.cat\/ceip-antoni-gaudi\/general\/diada-de-sant-jordi-a-infantil\/\" title=\"Read DIADA DE SANT JORDI A INFANTIL!\">Llegeix m\u00e9s\u00bb<\/a><\/p>\n","protected":false},"author":6,"featured_media":0,"comment_status":"open","ping_status":"closed","sticky":false,"template":"","format":"standard","meta":{"_bbp_topic_count":0,"_bbp_reply_count":0,"_bbp_total_topic_count":0,"_bbp_total_reply_count":0,"_bbp_voice_count":0,"_bbp_anonymous_reply_count":0,"_bbp_topic_count_hidden":0,"_bbp_reply_count_hidden":0,"_bbp_forum_subforum_count":0,"footnotes":""},"categories":[1,3,8,9,2,4],"tags":[],"class_list":["post-4564","post","type-post","status-publish","format-standard","hentry","category-general","category-i3","category-i4","category-i5","category-infantil","category-portada"],"post_mailing_queue_ids":[],"_links":{"self":[{"href":"https:\/\/agora.xtec.cat\/ceip-antoni-gaudi\/wp-json\/wp\/v2\/posts\/4564","targetHints":{"allow":["GET"]}}],"collection":[{"href":"https:\/\/agora.xtec.cat\/ceip-antoni-gaudi\/wp-json\/wp\/v2\/posts"}],"about":[{"href":"https:\/\/agora.xtec.cat\/ceip-antoni-gaudi\/wp-json\/wp\/v2\/types\/post"}],"author":[{"embeddable":true,"href":"https:\/\/agora.xtec.cat\/ceip-antoni-gaudi\/wp-json\/wp\/v2\/users\/6"}],"replies":[{"embeddable":true,"href":"https:\/\/agora.xtec.cat\/ceip-antoni-gaudi\/wp-json\/wp\/v2\/comments?post=4564"}],"version-history":[{"count":3,"href":"https:\/\/agora.xtec.cat\/ceip-antoni-gaudi\/wp-json\/wp\/v2\/posts\/4564\/revisions"}],"predecessor-version":[{"id":4576,"href":"https:\/\/agora.xtec.cat\/ceip-antoni-gaudi\/wp-json\/wp\/v2\/posts\/4564\/revisions\/4576"}],"wp:attachment":[{"href":"https:\/\/agora.xtec.cat\/ceip-antoni-gaudi\/wp-json\/wp\/v2\/media?parent=4564"}],"wp:term":[{"taxonomy":"category","embeddable":true,"href":"https:\/\/agora.xtec.cat\/ceip-antoni-gaudi\/wp-json\/wp\/v2\/categories?post=4564"},{"taxonomy":"post_tag","embeddable":true,"href":"https:\/\/agora.xtec.cat\/ceip-antoni-gaudi\/wp-json\/wp\/v2\/tags?post=4564"}],"curies":[{"name":"wp","href":"https:\/\/api.w.org\/{rel}","templated":true}]}}