{"id":4543,"date":"2022-04-07T22:27:29","date_gmt":"2022-04-07T20:27:29","guid":{"rendered":"https:\/\/agora.xtec.cat\/ceip-antoni-gaudi\/?p=4543"},"modified":"2022-04-07T22:29:59","modified_gmt":"2022-04-07T20:29:59","slug":"3rs-projecte-antoni-gaudi","status":"publish","type":"post","link":"https:\/\/agora.xtec.cat\/ceip-antoni-gaudi\/general\/3rs-projecte-antoni-gaudi\/","title":{"rendered":"3rs: projecte Antoni Gaud\u00ed"},"content":{"rendered":"<p style=\"text-align: justify;\">Durant aquestes setmanes hem iniciat el <span style=\"color: #ff9900;\"><strong>projecte Antoni Gaud\u00ed<\/strong><\/span>, l&#8217;artista que\u00a0dona\u00a0nom a la nostra escola. Ens han proposat una s\u00e8rie de reptes relacionats amb Gaud\u00ed i amb la seva manera de projectar la naturalesa en les seves obres.<br \/>\nHem fet mosaics, hem constru\u00eft edificis amb material de classe, hem fet una expressi\u00f3 escrita sobre Gaud\u00ed,\u00a0diverses\u00a0comprensions lectores i tamb\u00e9 hem treballat els determinants a partir d&#8217;un text.<br \/>\nTamb\u00e9 vam anar a visitar el Parc G\u00fcell, on vam poder veure tot\u00a0<span class=\"hiddenGrammarError\" style=\"padding-bottom: 2px; background-image: url('..\/..\/..\/..\/..\/images\/squiggle.png'); background-repeat: repeat-x; background-position: left bottom; cursor: default; color: #000000; font-family: 'Open Sans', Helvetica, Arial, sans-serif; font-size: 16px; font-style: normal; font-variant-ligatures: normal; font-variant-caps: normal; font-weight: 300; letter-spacing: normal; orphans: 2; text-align: start; text-indent: 0px; text-transform: none; white-space: normal; widows: 2; word-spacing: 0px; -webkit-text-stroke-width: 0px;\">all\u00f2 treballat<\/span>\u00a0i coses noves que vam descobrir sobre l&#8217;artista.<\/p>\n<p style=\"text-align: center;\"><em>Per veure m\u00e9s, feu clic a la imatge.<\/em><a href=\"https:\/\/photos.app.goo.gl\/aAUbmNn1VRwC7DD76\"><img loading=\"lazy\" decoding=\"async\" class=\"aligncenter size-medium wp-image-4544\" src=\"https:\/\/agora.xtec.cat\/ceip-antoni-gaudi\/wp-content\/uploads\/usu683\/2022\/04\/1649362534920-300x139.jpg\" alt=\"\" width=\"300\" height=\"139\" srcset=\"https:\/\/agora.xtec.cat\/ceip-antoni-gaudi\/wp-content\/uploads\/usu683\/2022\/04\/1649362534920-300x139.jpg 300w, https:\/\/agora.xtec.cat\/ceip-antoni-gaudi\/wp-content\/uploads\/usu683\/2022\/04\/1649362534920-1024x473.jpg 1024w, https:\/\/agora.xtec.cat\/ceip-antoni-gaudi\/wp-content\/uploads\/usu683\/2022\/04\/1649362534920-768x355.jpg 768w, https:\/\/agora.xtec.cat\/ceip-antoni-gaudi\/wp-content\/uploads\/usu683\/2022\/04\/1649362534920-1536x710.jpg 1536w, https:\/\/agora.xtec.cat\/ceip-antoni-gaudi\/wp-content\/uploads\/usu683\/2022\/04\/1649362534920.jpg 2048w\" sizes=\"auto, (max-width: 300px) 100vw, 300px\" \/><\/a><a href=\"https:\/\/photos.app.goo.gl\/aAUbmNn1VRwC7DD76\"><img loading=\"lazy\" decoding=\"async\" class=\"aligncenter size-medium wp-image-4545\" src=\"https:\/\/agora.xtec.cat\/ceip-antoni-gaudi\/wp-content\/uploads\/usu683\/2022\/04\/WhatsApp-Image-2022-04-07-at-10.24.44-PM-300x169.jpeg\" alt=\"\" width=\"300\" height=\"169\" srcset=\"https:\/\/agora.xtec.cat\/ceip-antoni-gaudi\/wp-content\/uploads\/usu683\/2022\/04\/WhatsApp-Image-2022-04-07-at-10.24.44-PM-300x169.jpeg 300w, https:\/\/agora.xtec.cat\/ceip-antoni-gaudi\/wp-content\/uploads\/usu683\/2022\/04\/WhatsApp-Image-2022-04-07-at-10.24.44-PM-1024x576.jpeg 1024w, https:\/\/agora.xtec.cat\/ceip-antoni-gaudi\/wp-content\/uploads\/usu683\/2022\/04\/WhatsApp-Image-2022-04-07-at-10.24.44-PM-768x432.jpeg 768w, https:\/\/agora.xtec.cat\/ceip-antoni-gaudi\/wp-content\/uploads\/usu683\/2022\/04\/WhatsApp-Image-2022-04-07-at-10.24.44-PM-1536x864.jpeg 1536w, https:\/\/agora.xtec.cat\/ceip-antoni-gaudi\/wp-content\/uploads\/usu683\/2022\/04\/WhatsApp-Image-2022-04-07-at-10.24.44-PM.jpeg 1600w\" sizes=\"auto, (max-width: 300px) 100vw, 300px\" \/><\/a><\/p>\n","protected":false},"excerpt":{"rendered":"<p>Durant aquestes setmanes hem iniciat el projecte Antoni Gaud\u00ed, l&#8217;artista que\u00a0dona\u00a0nom a la nostra escola. Ens han proposat una s\u00e8rie de reptes relacionats amb Gaud\u00ed i amb la seva manera de projectar la naturalesa en les seves obres.<br \/>\nHem fet mosaics, hem constru\u00eft edificis amb material&hellip;  <a href=\"https:\/\/agora.xtec.cat\/ceip-antoni-gaudi\/general\/3rs-projecte-antoni-gaudi\/\" title=\"Read 3rs: projecte Antoni Gaud\u00ed\">Llegeix m\u00e9s\u00bb<\/a><\/p>\n","protected":false},"author":3,"featured_media":4544,"comment_status":"open","ping_status":"closed","sticky":false,"template":"","format":"standard","meta":{"_bbp_topic_count":0,"_bbp_reply_count":0,"_bbp_total_topic_count":0,"_bbp_total_reply_count":0,"_bbp_voice_count":0,"_bbp_anonymous_reply_count":0,"_bbp_topic_count_hidden":0,"_bbp_reply_count_hidden":0,"_bbp_forum_subforum_count":0,"footnotes":""},"categories":[1,12,4,5],"tags":[],"class_list":["post-4543","post","type-post","status-publish","format-standard","has-post-thumbnail","hentry","category-general","category-p3","category-portada","category-primaria"],"post_mailing_queue_ids":[],"_links":{"self":[{"href":"https:\/\/agora.xtec.cat\/ceip-antoni-gaudi\/wp-json\/wp\/v2\/posts\/4543","targetHints":{"allow":["GET"]}}],"collection":[{"href":"https:\/\/agora.xtec.cat\/ceip-antoni-gaudi\/wp-json\/wp\/v2\/posts"}],"about":[{"href":"https:\/\/agora.xtec.cat\/ceip-antoni-gaudi\/wp-json\/wp\/v2\/types\/post"}],"author":[{"embeddable":true,"href":"https:\/\/agora.xtec.cat\/ceip-antoni-gaudi\/wp-json\/wp\/v2\/users\/3"}],"replies":[{"embeddable":true,"href":"https:\/\/agora.xtec.cat\/ceip-antoni-gaudi\/wp-json\/wp\/v2\/comments?post=4543"}],"version-history":[{"count":3,"href":"https:\/\/agora.xtec.cat\/ceip-antoni-gaudi\/wp-json\/wp\/v2\/posts\/4543\/revisions"}],"predecessor-version":[{"id":4548,"href":"https:\/\/agora.xtec.cat\/ceip-antoni-gaudi\/wp-json\/wp\/v2\/posts\/4543\/revisions\/4548"}],"wp:featuredmedia":[{"embeddable":true,"href":"https:\/\/agora.xtec.cat\/ceip-antoni-gaudi\/wp-json\/wp\/v2\/media\/4544"}],"wp:attachment":[{"href":"https:\/\/agora.xtec.cat\/ceip-antoni-gaudi\/wp-json\/wp\/v2\/media?parent=4543"}],"wp:term":[{"taxonomy":"category","embeddable":true,"href":"https:\/\/agora.xtec.cat\/ceip-antoni-gaudi\/wp-json\/wp\/v2\/categories?post=4543"},{"taxonomy":"post_tag","embeddable":true,"href":"https:\/\/agora.xtec.cat\/ceip-antoni-gaudi\/wp-json\/wp\/v2\/tags?post=4543"}],"curies":[{"name":"wp","href":"https:\/\/api.w.org\/{rel}","templated":true}]}}