{"id":4537,"date":"2022-04-07T16:34:05","date_gmt":"2022-04-07T14:34:05","guid":{"rendered":"https:\/\/agora.xtec.cat\/ceip-antoni-gaudi\/?p=4537"},"modified":"2022-04-07T16:34:05","modified_gmt":"2022-04-07T14:34:05","slug":"visitem-la-biblioteca-2","status":"publish","type":"post","link":"https:\/\/agora.xtec.cat\/ceip-antoni-gaudi\/general\/visitem-la-biblioteca-2\/","title":{"rendered":"VISITEM LA BIBLIOTECA!"},"content":{"rendered":"<p>El dimecres 30 de mar\u00e7 <span style=\"color: #ff00ff;\">els nens i les nenes de la classe del Cavall Bernat<\/span> vam anar a visitar la <span style=\"color: #0000ff;\">Biblioteca<\/span>. La <span style=\"color: #ff6600;\">Marta<\/span>, la bibliotec\u00e0ria ens va explicar un <span style=\"color: #00ff00;\">conte<\/span> molt bonic que es titulava &#8220;<span style=\"color: #ff0000;\">La poma<\/span>&#8220;. Despr\u00e9s ens va explicar que a la biblioteca hi tenen <span style=\"color: #99ccff;\">milers de llibres<\/span> i que ens els poden deixar sempre que\u00a0 volguem , nom\u00e9s ens fa falta tenir un carnet per poder-los agafar,\u00a0 portar-los a casa nostra i tornar-los al cap d&#8217;uns dies. Tamb\u00e9 ens va preparar diverses <span style=\"color: #ff99cc;\">activitats,<\/span> amb una tem\u00e0tica comuna: l<span style=\"color: #008080;\">es fruites<\/span>, per fer en grups: trencaclosques dels mesos de l&#8217;any, joc del memory amb diferents fruites, llibres per observar i llegir i unes endevinalles sobre les fruites molt divertides.<\/p>\n<p>A cadasc\u00fa de nosaltres ens va donar un dibuix d&#8217;un <span style=\"color: #ffff00;\">ou de Pasqua<\/span> perqu\u00e8 el pint\u00e9ssim a casa i el torn\u00e9ssim a la biblioteca per exposar-los.<\/p>\n<p><strong>Ens va agradar molt visitar la biblioteca i aprendre coses noves sobre ella. Gr\u00e0cies Marta per compartir el teu temps amb nosaltres!<\/strong><\/p>\n<p><a href=\"https:\/\/photos.app.goo.gl\/tfkJFNia4UufLhVd9\"><img loading=\"lazy\" decoding=\"async\" class=\"aligncenter size-medium wp-image-4538\" src=\"https:\/\/agora.xtec.cat\/ceip-antoni-gaudi\/wp-content\/uploads\/usu683\/2022\/04\/Biblioteca-300x225.jpeg\" alt=\"\" width=\"300\" height=\"225\" srcset=\"https:\/\/agora.xtec.cat\/ceip-antoni-gaudi\/wp-content\/uploads\/usu683\/2022\/04\/Biblioteca-300x225.jpeg 300w, https:\/\/agora.xtec.cat\/ceip-antoni-gaudi\/wp-content\/uploads\/usu683\/2022\/04\/Biblioteca-1024x768.jpeg 1024w, https:\/\/agora.xtec.cat\/ceip-antoni-gaudi\/wp-content\/uploads\/usu683\/2022\/04\/Biblioteca-768x576.jpeg 768w, https:\/\/agora.xtec.cat\/ceip-antoni-gaudi\/wp-content\/uploads\/usu683\/2022\/04\/Biblioteca-1536x1152.jpeg 1536w, https:\/\/agora.xtec.cat\/ceip-antoni-gaudi\/wp-content\/uploads\/usu683\/2022\/04\/Biblioteca-200x150.jpeg 200w, https:\/\/agora.xtec.cat\/ceip-antoni-gaudi\/wp-content\/uploads\/usu683\/2022\/04\/Biblioteca.jpeg 1600w\" sizes=\"auto, (max-width: 300px) 100vw, 300px\" \/><\/a><\/p>\n<p>&nbsp;<\/p>\n","protected":false},"excerpt":{"rendered":"<p>El dimecres 30 de mar\u00e7 els nens i les nenes de la classe del Cavall Bernat vam anar a visitar la Biblioteca. La Marta, la bibliotec\u00e0ria ens va explicar un conte molt bonic que es titulava &#8220;La poma&#8220;. Despr\u00e9s ens va explicar que a la&hellip;  <a href=\"https:\/\/agora.xtec.cat\/ceip-antoni-gaudi\/general\/visitem-la-biblioteca-2\/\" title=\"Read VISITEM LA BIBLIOTECA!\">Llegeix m\u00e9s\u00bb<\/a><\/p>\n","protected":false},"author":4,"featured_media":4538,"comment_status":"open","ping_status":"closed","sticky":false,"template":"","format":"standard","meta":{"_bbp_topic_count":0,"_bbp_reply_count":0,"_bbp_total_topic_count":0,"_bbp_total_reply_count":0,"_bbp_voice_count":0,"_bbp_anonymous_reply_count":0,"_bbp_topic_count_hidden":0,"_bbp_reply_count_hidden":0,"_bbp_forum_subforum_count":0,"footnotes":""},"categories":[1,10,4,229,5],"tags":[],"class_list":["post-4537","post","type-post","status-publish","format-standard","has-post-thumbnail","hentry","category-general","category-p1","category-portada","category-portada-portada","category-primaria"],"post_mailing_queue_ids":[],"_links":{"self":[{"href":"https:\/\/agora.xtec.cat\/ceip-antoni-gaudi\/wp-json\/wp\/v2\/posts\/4537","targetHints":{"allow":["GET"]}}],"collection":[{"href":"https:\/\/agora.xtec.cat\/ceip-antoni-gaudi\/wp-json\/wp\/v2\/posts"}],"about":[{"href":"https:\/\/agora.xtec.cat\/ceip-antoni-gaudi\/wp-json\/wp\/v2\/types\/post"}],"author":[{"embeddable":true,"href":"https:\/\/agora.xtec.cat\/ceip-antoni-gaudi\/wp-json\/wp\/v2\/users\/4"}],"replies":[{"embeddable":true,"href":"https:\/\/agora.xtec.cat\/ceip-antoni-gaudi\/wp-json\/wp\/v2\/comments?post=4537"}],"version-history":[{"count":2,"href":"https:\/\/agora.xtec.cat\/ceip-antoni-gaudi\/wp-json\/wp\/v2\/posts\/4537\/revisions"}],"predecessor-version":[{"id":4540,"href":"https:\/\/agora.xtec.cat\/ceip-antoni-gaudi\/wp-json\/wp\/v2\/posts\/4537\/revisions\/4540"}],"wp:featuredmedia":[{"embeddable":true,"href":"https:\/\/agora.xtec.cat\/ceip-antoni-gaudi\/wp-json\/wp\/v2\/media\/4538"}],"wp:attachment":[{"href":"https:\/\/agora.xtec.cat\/ceip-antoni-gaudi\/wp-json\/wp\/v2\/media?parent=4537"}],"wp:term":[{"taxonomy":"category","embeddable":true,"href":"https:\/\/agora.xtec.cat\/ceip-antoni-gaudi\/wp-json\/wp\/v2\/categories?post=4537"},{"taxonomy":"post_tag","embeddable":true,"href":"https:\/\/agora.xtec.cat\/ceip-antoni-gaudi\/wp-json\/wp\/v2\/tags?post=4537"}],"curies":[{"name":"wp","href":"https:\/\/api.w.org\/{rel}","templated":true}]}}