{"id":4533,"date":"2022-04-08T14:19:32","date_gmt":"2022-04-08T12:19:32","guid":{"rendered":"https:\/\/agora.xtec.cat\/ceip-antoni-gaudi\/?p=4533"},"modified":"2022-04-08T15:00:58","modified_gmt":"2022-04-08T13:00:58","slug":"els-petits-fem-la-mona","status":"publish","type":"post","link":"https:\/\/agora.xtec.cat\/ceip-antoni-gaudi\/general\/els-petits-fem-la-mona\/","title":{"rendered":"ELS PETITS FEM LA MONA!"},"content":{"rendered":"<p style=\"text-align: justify;\">Avui, els m\u00e9s petits de l&#8217;escola, hem tallat l&#8217;\u00faltima cama a la Vella Quaresma! Ara, ja pot caminar i marxar\u00e0 cap a la muntanya! Per\u00f2, abans d&#8217;anar-se&#8217;n ens ha obsequiat amb tots els ingredients per fer la nostra <strong>Mona:<\/strong><span style=\"color: #800000;\"> xocolata \ud83c\udf6b<\/span>, <span style=\"color: #ff6600;\">melmelada,<\/span> <span style=\"color: #808000;\">pollets decoratius \ud83d\udc25,<\/span><span style=\"color: #800080;\"> plomalls de colors \ud83c\udf3f<\/span> i <span style=\"color: #0000ff;\">pa \ud83c\udf5e!<\/span><\/p>\n<p><a href=\"https:\/\/photos.app.goo.gl\/pXTDtBvPu8R1bzBz6\"><img loading=\"lazy\" decoding=\"async\" class=\"aligncenter wp-image-4556 size-medium\" src=\"https:\/\/agora.xtec.cat\/ceip-antoni-gaudi\/wp-content\/uploads\/usu683\/2022\/04\/Captura-de-pantalla-2022-04-08-a-las-14.04.24-179x300.png\" alt=\"\" width=\"179\" height=\"300\" srcset=\"https:\/\/agora.xtec.cat\/ceip-antoni-gaudi\/wp-content\/uploads\/usu683\/2022\/04\/Captura-de-pantalla-2022-04-08-a-las-14.04.24-179x300.png 179w, https:\/\/agora.xtec.cat\/ceip-antoni-gaudi\/wp-content\/uploads\/usu683\/2022\/04\/Captura-de-pantalla-2022-04-08-a-las-14.04.24.png 382w\" sizes=\"auto, (max-width: 179px) 100vw, 179px\" \/><\/a><\/p>\n<p style=\"text-align: justify;\">Un cop a les aules ens hem preparat per elaborar cadasc\u00fa la seva Mona \ud83c\udf70! Ens ha quedat bon\u00edssima!<\/p>\n<p><a href=\"https:\/\/photos.app.goo.gl\/AmFo5rLjXTgCchjQ8\"><img loading=\"lazy\" decoding=\"async\" class=\"alignleft wp-image-4557 size-medium\" src=\"https:\/\/agora.xtec.cat\/ceip-antoni-gaudi\/wp-content\/uploads\/usu683\/2022\/04\/Captura-de-pantalla-2022-04-08-a-las-14.11.16-228x300.png\" alt=\"\" width=\"228\" height=\"300\" srcset=\"https:\/\/agora.xtec.cat\/ceip-antoni-gaudi\/wp-content\/uploads\/usu683\/2022\/04\/Captura-de-pantalla-2022-04-08-a-las-14.11.16-228x300.png 228w, https:\/\/agora.xtec.cat\/ceip-antoni-gaudi\/wp-content\/uploads\/usu683\/2022\/04\/Captura-de-pantalla-2022-04-08-a-las-14.11.16.png 236w\" sizes=\"auto, (max-width: 228px) 100vw, 228px\" \/><\/a> <a href=\"https:\/\/photos.app.goo.gl\/qyzn2Lb8LKhmsJNg8\"><img loading=\"lazy\" decoding=\"async\" class=\"alignleft wp-image-4558 size-medium\" src=\"https:\/\/agora.xtec.cat\/ceip-antoni-gaudi\/wp-content\/uploads\/usu683\/2022\/04\/Captura-de-pantalla-2022-04-08-a-las-14.10.49-229x300.png\" alt=\"\" width=\"229\" height=\"300\" srcset=\"https:\/\/agora.xtec.cat\/ceip-antoni-gaudi\/wp-content\/uploads\/usu683\/2022\/04\/Captura-de-pantalla-2022-04-08-a-las-14.10.49-229x300.png 229w, https:\/\/agora.xtec.cat\/ceip-antoni-gaudi\/wp-content\/uploads\/usu683\/2022\/04\/Captura-de-pantalla-2022-04-08-a-las-14.10.49.png 238w\" sizes=\"auto, (max-width: 229px) 100vw, 229px\" \/><\/a> <a href=\"https:\/\/photos.app.goo.gl\/ucF28pgbqjtUEoVP6\"><img loading=\"lazy\" decoding=\"async\" class=\"alignleft wp-image-4559 size-medium\" src=\"https:\/\/agora.xtec.cat\/ceip-antoni-gaudi\/wp-content\/uploads\/usu683\/2022\/04\/Captura-de-pantalla-2022-04-08-a-las-14.11.45-226x300.png\" alt=\"\" width=\"226\" height=\"300\" srcset=\"https:\/\/agora.xtec.cat\/ceip-antoni-gaudi\/wp-content\/uploads\/usu683\/2022\/04\/Captura-de-pantalla-2022-04-08-a-las-14.11.45-226x300.png 226w, https:\/\/agora.xtec.cat\/ceip-antoni-gaudi\/wp-content\/uploads\/usu683\/2022\/04\/Captura-de-pantalla-2022-04-08-a-las-14.11.45.png 234w\" sizes=\"auto, (max-width: 226px) 100vw, 226px\" \/><\/a><\/p>\n<p>&nbsp;<\/p>\n<p>&nbsp;<\/p>\n<p>D&#8217;aquesta manera tan dol\u00e7a ens acomiadem fins despr\u00e9s de les vacances de primavera!<\/p>\n<p>&nbsp;<\/p>\n","protected":false},"excerpt":{"rendered":"<p>Avui, els m\u00e9s petits de l&#8217;escola, hem tallat l&#8217;\u00faltima cama a la Vella Quaresma! Ara, ja pot caminar i marxar\u00e0 cap a la muntanya! Per\u00f2, abans d&#8217;anar-se&#8217;n ens ha obsequiat amb tots els ingredients per fer la nostra Mona: xocolata \ud83c\udf6b, melmelada, pollets decoratius \ud83d\udc25,&hellip;  <a href=\"https:\/\/agora.xtec.cat\/ceip-antoni-gaudi\/general\/els-petits-fem-la-mona\/\" title=\"Read ELS PETITS FEM LA MONA!\">Llegeix m\u00e9s\u00bb<\/a><\/p>\n","protected":false},"author":6,"featured_media":0,"comment_status":"open","ping_status":"closed","sticky":false,"template":"","format":"standard","meta":{"_bbp_topic_count":0,"_bbp_reply_count":0,"_bbp_total_topic_count":0,"_bbp_total_reply_count":0,"_bbp_voice_count":0,"_bbp_anonymous_reply_count":0,"_bbp_topic_count_hidden":0,"_bbp_reply_count_hidden":0,"_bbp_forum_subforum_count":0,"footnotes":""},"categories":[1,3,8,9,2,4],"tags":[],"class_list":["post-4533","post","type-post","status-publish","format-standard","hentry","category-general","category-i3","category-i4","category-i5","category-infantil","category-portada"],"post_mailing_queue_ids":[],"_links":{"self":[{"href":"https:\/\/agora.xtec.cat\/ceip-antoni-gaudi\/wp-json\/wp\/v2\/posts\/4533","targetHints":{"allow":["GET"]}}],"collection":[{"href":"https:\/\/agora.xtec.cat\/ceip-antoni-gaudi\/wp-json\/wp\/v2\/posts"}],"about":[{"href":"https:\/\/agora.xtec.cat\/ceip-antoni-gaudi\/wp-json\/wp\/v2\/types\/post"}],"author":[{"embeddable":true,"href":"https:\/\/agora.xtec.cat\/ceip-antoni-gaudi\/wp-json\/wp\/v2\/users\/6"}],"replies":[{"embeddable":true,"href":"https:\/\/agora.xtec.cat\/ceip-antoni-gaudi\/wp-json\/wp\/v2\/comments?post=4533"}],"version-history":[{"count":3,"href":"https:\/\/agora.xtec.cat\/ceip-antoni-gaudi\/wp-json\/wp\/v2\/posts\/4533\/revisions"}],"predecessor-version":[{"id":4563,"href":"https:\/\/agora.xtec.cat\/ceip-antoni-gaudi\/wp-json\/wp\/v2\/posts\/4533\/revisions\/4563"}],"wp:attachment":[{"href":"https:\/\/agora.xtec.cat\/ceip-antoni-gaudi\/wp-json\/wp\/v2\/media?parent=4533"}],"wp:term":[{"taxonomy":"category","embeddable":true,"href":"https:\/\/agora.xtec.cat\/ceip-antoni-gaudi\/wp-json\/wp\/v2\/categories?post=4533"},{"taxonomy":"post_tag","embeddable":true,"href":"https:\/\/agora.xtec.cat\/ceip-antoni-gaudi\/wp-json\/wp\/v2\/tags?post=4533"}],"curies":[{"name":"wp","href":"https:\/\/api.w.org\/{rel}","templated":true}]}}