{"id":4516,"date":"2022-04-01T10:41:31","date_gmt":"2022-04-01T08:41:31","guid":{"rendered":"https:\/\/agora.xtec.cat\/ceip-antoni-gaudi\/?p=4516"},"modified":"2022-04-04T16:34:33","modified_gmt":"2022-04-04T14:34:33","slug":"casa-batllo-sagrada-familia-5e","status":"publish","type":"post","link":"https:\/\/agora.xtec.cat\/ceip-antoni-gaudi\/general\/casa-batllo-sagrada-familia-5e\/","title":{"rendered":"Casa Batll\u00f3 &#8211; Sagrada Fam\u00edlia &#8211; 5\u00e8"},"content":{"rendered":"<p><span style=\"color: #333333;\">El dijous 31 de mar\u00e7, l&#8217;alumnat de 5\u00e8 va anar d&#8217;excursi\u00f3 a <strong>Barcelona<\/strong>. Vam visitar la <strong>Casa Batll\u00f3<\/strong> i despr\u00e9s vam anar a veure <strong>La Pedrera<\/strong>, tot passejant pel Passeig de Gr\u00e0cia. Vam agafar el metro per anar a veure tamb\u00e9 la <strong>Sagrada Fam\u00edlia<\/strong> i dinar al parc que hi ha just al davant. Vam GAUDIR molt de l&#8217;excursi\u00f3!! \ud83d\ude01\ud83d\udc4f\ud83d\udc09\ud83c\udf07<\/span><\/p>\n<p><span style=\"color: #333333;\">Cliqueu la imatge per veure totes les FOTOS \ud83d\udcf8<\/span><a href=\"https:\/\/photos.app.goo.gl\/Yp4ZGL9jKpPVEJZ88\"><br \/>\n<\/a><a href=\"https:\/\/photos.app.goo.gl\/Yp4ZGL9jKpPVEJZ88\"><img loading=\"lazy\" decoding=\"async\" class=\" wp-image-4517 aligncenter\" src=\"https:\/\/agora.xtec.cat\/ceip-antoni-gaudi\/wp-content\/uploads\/usu683\/2022\/04\/20220331_130437-1-300x225.jpg\" alt=\"\" width=\"443\" height=\"332\" srcset=\"https:\/\/agora.xtec.cat\/ceip-antoni-gaudi\/wp-content\/uploads\/usu683\/2022\/04\/20220331_130437-1-300x225.jpg 300w, https:\/\/agora.xtec.cat\/ceip-antoni-gaudi\/wp-content\/uploads\/usu683\/2022\/04\/20220331_130437-1-1024x768.jpg 1024w, https:\/\/agora.xtec.cat\/ceip-antoni-gaudi\/wp-content\/uploads\/usu683\/2022\/04\/20220331_130437-1-768x576.jpg 768w, https:\/\/agora.xtec.cat\/ceip-antoni-gaudi\/wp-content\/uploads\/usu683\/2022\/04\/20220331_130437-1-200x150.jpg 200w, https:\/\/agora.xtec.cat\/ceip-antoni-gaudi\/wp-content\/uploads\/usu683\/2022\/04\/20220331_130437-1.jpg 1218w\" sizes=\"auto, (max-width: 443px) 100vw, 443px\" \/><\/a><\/p>\n","protected":false},"excerpt":{"rendered":"<p>El dijous 31 de mar\u00e7, l&#8217;alumnat de 5\u00e8 va anar d&#8217;excursi\u00f3 a Barcelona. Vam visitar la Casa Batll\u00f3 i despr\u00e9s vam anar a veure La Pedrera, tot passejant pel Passeig de Gr\u00e0cia. Vam agafar el metro per anar a veure tamb\u00e9 la Sagrada Fam\u00edlia i&hellip;  <a href=\"https:\/\/agora.xtec.cat\/ceip-antoni-gaudi\/general\/casa-batllo-sagrada-familia-5e\/\" title=\"Read Casa Batll\u00f3 &#8211; Sagrada Fam\u00edlia &#8211; 5\u00e8\">Llegeix m\u00e9s\u00bb<\/a><\/p>\n","protected":false},"author":5,"featured_media":4517,"comment_status":"open","ping_status":"closed","sticky":false,"template":"","format":"standard","meta":{"_bbp_topic_count":0,"_bbp_reply_count":0,"_bbp_total_topic_count":0,"_bbp_total_reply_count":0,"_bbp_voice_count":0,"_bbp_anonymous_reply_count":0,"_bbp_topic_count_hidden":0,"_bbp_reply_count_hidden":0,"_bbp_forum_subforum_count":0,"footnotes":""},"categories":[1,14,4,229,5],"tags":[],"class_list":["post-4516","post","type-post","status-publish","format-standard","has-post-thumbnail","hentry","category-general","category-p5","category-portada","category-portada-portada","category-primaria"],"post_mailing_queue_ids":[],"_links":{"self":[{"href":"https:\/\/agora.xtec.cat\/ceip-antoni-gaudi\/wp-json\/wp\/v2\/posts\/4516","targetHints":{"allow":["GET"]}}],"collection":[{"href":"https:\/\/agora.xtec.cat\/ceip-antoni-gaudi\/wp-json\/wp\/v2\/posts"}],"about":[{"href":"https:\/\/agora.xtec.cat\/ceip-antoni-gaudi\/wp-json\/wp\/v2\/types\/post"}],"author":[{"embeddable":true,"href":"https:\/\/agora.xtec.cat\/ceip-antoni-gaudi\/wp-json\/wp\/v2\/users\/5"}],"replies":[{"embeddable":true,"href":"https:\/\/agora.xtec.cat\/ceip-antoni-gaudi\/wp-json\/wp\/v2\/comments?post=4516"}],"version-history":[{"count":3,"href":"https:\/\/agora.xtec.cat\/ceip-antoni-gaudi\/wp-json\/wp\/v2\/posts\/4516\/revisions"}],"predecessor-version":[{"id":4532,"href":"https:\/\/agora.xtec.cat\/ceip-antoni-gaudi\/wp-json\/wp\/v2\/posts\/4516\/revisions\/4532"}],"wp:featuredmedia":[{"embeddable":true,"href":"https:\/\/agora.xtec.cat\/ceip-antoni-gaudi\/wp-json\/wp\/v2\/media\/4517"}],"wp:attachment":[{"href":"https:\/\/agora.xtec.cat\/ceip-antoni-gaudi\/wp-json\/wp\/v2\/media?parent=4516"}],"wp:term":[{"taxonomy":"category","embeddable":true,"href":"https:\/\/agora.xtec.cat\/ceip-antoni-gaudi\/wp-json\/wp\/v2\/categories?post=4516"},{"taxonomy":"post_tag","embeddable":true,"href":"https:\/\/agora.xtec.cat\/ceip-antoni-gaudi\/wp-json\/wp\/v2\/tags?post=4516"}],"curies":[{"name":"wp","href":"https:\/\/api.w.org\/{rel}","templated":true}]}}