{"id":4499,"date":"2022-04-01T20:04:54","date_gmt":"2022-04-01T18:04:54","guid":{"rendered":"https:\/\/agora.xtec.cat\/ceip-antoni-gaudi\/?p=4499"},"modified":"2022-04-01T20:04:54","modified_gmt":"2022-04-01T18:04:54","slug":"el-programa-si-a-educacio-infantil","status":"publish","type":"post","link":"https:\/\/agora.xtec.cat\/ceip-antoni-gaudi\/general\/el-programa-si-a-educacio-infantil\/","title":{"rendered":"EL PROGRAMA S\u00cd A EDUCACI\u00d3 INFANTIL!"},"content":{"rendered":"<p style=\"text-align: justify;\">Els petits de l\u2019escola estem aprenent, a trav\u00e9s del projecte d&#8217;escola <span style=\"color: #800080;\"><strong><span style=\"color: #ff6600;\">Programa SI<\/span><span style=\"color: #000000;\">,<\/span><\/strong><\/span>\u00a0la import\u00e0ncia de l&#8217;alimentaci\u00f3 equilibrada\ud83c\udf4f\ud83c\udf53\ud83c\udf46 i els bons h\u00e0bits saludables \ud83d\udeb5\u26f9\ud83c\udfc3. Els seus protagonistes: el <strong><span style=\"color: #ff0000;\">C\u00e0rdio \u2764<span style=\"color: #000000;\">,<\/span><\/span><\/strong> en <span style=\"color: #ff00ff;\"><strong>Nico<\/strong><\/span> i l&#8217;<strong><span style=\"color: #339966;\">Olivia<\/span><\/strong> ens ensenyen de manera l\u00fadica i propera a mantenir h\u00e0bits de vida adequats i durant tota la vida.<\/p>\n<p style=\"text-align: justify;\">Gr\u00e0cies a aquestes propostes, des de ben petits comencen a ser conscients de la import\u00e0ncia de l\u2019alimentaci\u00f3 i l\u2019exercici f\u00edsic per cuidar el nostre cos. A m\u00e9s, l&#8217;hort de l&#8217;escola \u00e9s un bon complement per a tots aquests aprenentatges!<\/p>\n<p style=\"text-align: justify;\">Us deixem algunes de les propostes que hem anat realitzant!<\/p>\n<p><a href=\"https:\/\/photos.app.goo.gl\/mYmwZLCEKP8zeQUq6\"><img loading=\"lazy\" decoding=\"async\" class=\"aligncenter wp-image-4508\" src=\"https:\/\/agora.xtec.cat\/ceip-antoni-gaudi\/wp-content\/uploads\/usu683\/2022\/03\/personatges-Programa-si.png\" alt=\"\" width=\"382\" height=\"208\" srcset=\"https:\/\/agora.xtec.cat\/ceip-antoni-gaudi\/wp-content\/uploads\/usu683\/2022\/03\/personatges-Programa-si.png 1600w, https:\/\/agora.xtec.cat\/ceip-antoni-gaudi\/wp-content\/uploads\/usu683\/2022\/03\/personatges-Programa-si-300x164.png 300w, https:\/\/agora.xtec.cat\/ceip-antoni-gaudi\/wp-content\/uploads\/usu683\/2022\/03\/personatges-Programa-si-1024x559.png 1024w, https:\/\/agora.xtec.cat\/ceip-antoni-gaudi\/wp-content\/uploads\/usu683\/2022\/03\/personatges-Programa-si-768x419.png 768w, https:\/\/agora.xtec.cat\/ceip-antoni-gaudi\/wp-content\/uploads\/usu683\/2022\/03\/personatges-Programa-si-1536x838.png 1536w\" sizes=\"auto, (max-width: 382px) 100vw, 382px\" \/><\/a><\/p>\n","protected":false},"excerpt":{"rendered":"<p>Els petits de l\u2019escola estem aprenent, a trav\u00e9s del projecte d&#8217;escola Programa SI,\u00a0la import\u00e0ncia de l&#8217;alimentaci\u00f3 equilibrada\ud83c\udf4f\ud83c\udf53\ud83c\udf46 i els bons h\u00e0bits saludables \ud83d\udeb5\u26f9\ud83c\udfc3. Els seus protagonistes: el C\u00e0rdio \u2764, en Nico i l&#8217;Olivia ens ensenyen de manera l\u00fadica i propera a mantenir h\u00e0bits de vida&hellip;  <a href=\"https:\/\/agora.xtec.cat\/ceip-antoni-gaudi\/general\/el-programa-si-a-educacio-infantil\/\" title=\"Read EL PROGRAMA S\u00cd A EDUCACI\u00d3 INFANTIL!\">Llegeix m\u00e9s\u00bb<\/a><\/p>\n","protected":false},"author":6,"featured_media":0,"comment_status":"open","ping_status":"closed","sticky":false,"template":"","format":"standard","meta":{"_bbp_topic_count":0,"_bbp_reply_count":0,"_bbp_total_topic_count":0,"_bbp_total_reply_count":0,"_bbp_voice_count":0,"_bbp_anonymous_reply_count":0,"_bbp_topic_count_hidden":0,"_bbp_reply_count_hidden":0,"_bbp_forum_subforum_count":0,"footnotes":""},"categories":[1,3,8,9,2,4],"tags":[],"class_list":["post-4499","post","type-post","status-publish","format-standard","hentry","category-general","category-i3","category-i4","category-i5","category-infantil","category-portada"],"post_mailing_queue_ids":[],"_links":{"self":[{"href":"https:\/\/agora.xtec.cat\/ceip-antoni-gaudi\/wp-json\/wp\/v2\/posts\/4499","targetHints":{"allow":["GET"]}}],"collection":[{"href":"https:\/\/agora.xtec.cat\/ceip-antoni-gaudi\/wp-json\/wp\/v2\/posts"}],"about":[{"href":"https:\/\/agora.xtec.cat\/ceip-antoni-gaudi\/wp-json\/wp\/v2\/types\/post"}],"author":[{"embeddable":true,"href":"https:\/\/agora.xtec.cat\/ceip-antoni-gaudi\/wp-json\/wp\/v2\/users\/6"}],"replies":[{"embeddable":true,"href":"https:\/\/agora.xtec.cat\/ceip-antoni-gaudi\/wp-json\/wp\/v2\/comments?post=4499"}],"version-history":[{"count":3,"href":"https:\/\/agora.xtec.cat\/ceip-antoni-gaudi\/wp-json\/wp\/v2\/posts\/4499\/revisions"}],"predecessor-version":[{"id":4515,"href":"https:\/\/agora.xtec.cat\/ceip-antoni-gaudi\/wp-json\/wp\/v2\/posts\/4499\/revisions\/4515"}],"wp:attachment":[{"href":"https:\/\/agora.xtec.cat\/ceip-antoni-gaudi\/wp-json\/wp\/v2\/media?parent=4499"}],"wp:term":[{"taxonomy":"category","embeddable":true,"href":"https:\/\/agora.xtec.cat\/ceip-antoni-gaudi\/wp-json\/wp\/v2\/categories?post=4499"},{"taxonomy":"post_tag","embeddable":true,"href":"https:\/\/agora.xtec.cat\/ceip-antoni-gaudi\/wp-json\/wp\/v2\/tags?post=4499"}],"curies":[{"name":"wp","href":"https:\/\/api.w.org\/{rel}","templated":true}]}}