{"id":4496,"date":"2022-03-28T10:24:22","date_gmt":"2022-03-28T08:24:22","guid":{"rendered":"https:\/\/agora.xtec.cat\/ceip-antoni-gaudi\/?p=4496"},"modified":"2022-03-28T10:24:22","modified_gmt":"2022-03-28T08:24:22","slug":"1r-i-2ns-sortida-al-parc-guell","status":"publish","type":"post","link":"https:\/\/agora.xtec.cat\/ceip-antoni-gaudi\/portada\/1r-i-2ns-sortida-al-parc-guell\/","title":{"rendered":"1r i 2ns: Sortida al Parc G\u00fcell"},"content":{"rendered":"<p><strong><span style=\"color: #0000ff;\">Bon dia<\/span><\/strong> fam\u00edlies! \ud83c\udf1e\ud83c\udf1e\ud83c\udf1e Avui els alumnes de 1r i 2ns marxem tot el dia a <strong><span style=\"color: #ff6600;\">Barcelona<\/span><\/strong> \ud83c\udf06\ud83c\udf06 a fer una visita al \ud83d\udcae <strong><span style=\"color: #008000;\">Parc G\u00fcell<\/span><\/strong> \ud83d\udcae. Estem molt<strong><span style=\"color: #ff0000;\"> emocionats\/des<\/span><\/strong>\ud83d\ude0a\ud83d\ude0a ja que podrem veure i gaudir d&#8217;aquesta obra arquitect\u00f2nica de l<strong><span style=\"color: #00ccff;\">&#8216;Antoni Gaud\u00ed.<\/span><\/strong> Estigueu atents perqu\u00e8 durant el dia anirem penjant les \ud83d\udcf8\ud83d\udcf8<strong>fotos<\/strong> que anem fent. Per accedir a l&#8217;\u00e0lbum cliqueu a la imatge de sota.<\/p>\n<p><a href=\"https:\/\/photos.app.goo.gl\/KERCyZ35fa62uehQA\" target=\"_blank\" rel=\"noopener\"><img loading=\"lazy\" decoding=\"async\" class=\"aligncenter wp-image-4497 size-medium\" src=\"https:\/\/agora.xtec.cat\/ceip-antoni-gaudi\/wp-content\/uploads\/usu683\/2022\/03\/2458155189_f277ed5e1a_b-300x201.jpg\" alt=\"\" width=\"300\" height=\"201\" srcset=\"https:\/\/agora.xtec.cat\/ceip-antoni-gaudi\/wp-content\/uploads\/usu683\/2022\/03\/2458155189_f277ed5e1a_b-300x201.jpg 300w, https:\/\/agora.xtec.cat\/ceip-antoni-gaudi\/wp-content\/uploads\/usu683\/2022\/03\/2458155189_f277ed5e1a_b-768x514.jpg 768w, https:\/\/agora.xtec.cat\/ceip-antoni-gaudi\/wp-content\/uploads\/usu683\/2022\/03\/2458155189_f277ed5e1a_b.jpg 1024w\" sizes=\"auto, (max-width: 300px) 100vw, 300px\" \/><\/a><\/p>\n","protected":false},"excerpt":{"rendered":"<p>Bon dia fam\u00edlies! \ud83c\udf1e\ud83c\udf1e\ud83c\udf1e Avui els alumnes de 1r i 2ns marxem tot el dia a Barcelona \ud83c\udf06\ud83c\udf06 a fer una visita al \ud83d\udcae Parc G\u00fcell \ud83d\udcae. Estem molt emocionats\/des\ud83d\ude0a\ud83d\ude0a ja que podrem veure i gaudir d&#8217;aquesta obra arquitect\u00f2nica de l&#8216;Antoni Gaud\u00ed. Estigueu atents perqu\u00e8&hellip;  <a href=\"https:\/\/agora.xtec.cat\/ceip-antoni-gaudi\/portada\/1r-i-2ns-sortida-al-parc-guell\/\" title=\"Read 1r i 2ns: Sortida al Parc G\u00fcell\">Llegeix m\u00e9s\u00bb<\/a><\/p>\n","protected":false},"author":4,"featured_media":0,"comment_status":"open","ping_status":"closed","sticky":false,"template":"","format":"standard","meta":{"_bbp_topic_count":0,"_bbp_reply_count":0,"_bbp_total_topic_count":0,"_bbp_total_reply_count":0,"_bbp_voice_count":0,"_bbp_anonymous_reply_count":0,"_bbp_topic_count_hidden":0,"_bbp_reply_count_hidden":0,"_bbp_forum_subforum_count":0,"footnotes":""},"categories":[10,11,4,5],"tags":[],"class_list":["post-4496","post","type-post","status-publish","format-standard","hentry","category-p1","category-p2","category-portada","category-primaria"],"post_mailing_queue_ids":[],"_links":{"self":[{"href":"https:\/\/agora.xtec.cat\/ceip-antoni-gaudi\/wp-json\/wp\/v2\/posts\/4496","targetHints":{"allow":["GET"]}}],"collection":[{"href":"https:\/\/agora.xtec.cat\/ceip-antoni-gaudi\/wp-json\/wp\/v2\/posts"}],"about":[{"href":"https:\/\/agora.xtec.cat\/ceip-antoni-gaudi\/wp-json\/wp\/v2\/types\/post"}],"author":[{"embeddable":true,"href":"https:\/\/agora.xtec.cat\/ceip-antoni-gaudi\/wp-json\/wp\/v2\/users\/4"}],"replies":[{"embeddable":true,"href":"https:\/\/agora.xtec.cat\/ceip-antoni-gaudi\/wp-json\/wp\/v2\/comments?post=4496"}],"version-history":[{"count":1,"href":"https:\/\/agora.xtec.cat\/ceip-antoni-gaudi\/wp-json\/wp\/v2\/posts\/4496\/revisions"}],"predecessor-version":[{"id":4498,"href":"https:\/\/agora.xtec.cat\/ceip-antoni-gaudi\/wp-json\/wp\/v2\/posts\/4496\/revisions\/4498"}],"wp:attachment":[{"href":"https:\/\/agora.xtec.cat\/ceip-antoni-gaudi\/wp-json\/wp\/v2\/media?parent=4496"}],"wp:term":[{"taxonomy":"category","embeddable":true,"href":"https:\/\/agora.xtec.cat\/ceip-antoni-gaudi\/wp-json\/wp\/v2\/categories?post=4496"},{"taxonomy":"post_tag","embeddable":true,"href":"https:\/\/agora.xtec.cat\/ceip-antoni-gaudi\/wp-json\/wp\/v2\/tags?post=4496"}],"curies":[{"name":"wp","href":"https:\/\/api.w.org\/{rel}","templated":true}]}}