{"id":4454,"date":"2022-03-19T21:02:01","date_gmt":"2022-03-19T20:02:01","guid":{"rendered":"https:\/\/agora.xtec.cat\/ceip-antoni-gaudi\/?p=4454"},"modified":"2022-03-19T21:02:56","modified_gmt":"2022-03-19T20:02:56","slug":"a-3r-treballem-el-pas-del-temps","status":"publish","type":"post","link":"https:\/\/agora.xtec.cat\/ceip-antoni-gaudi\/general\/a-3r-treballem-el-pas-del-temps\/","title":{"rendered":"A 3r treballem el pas del temps"},"content":{"rendered":"<p>A 3r hem treballat <span style=\"color: #ff9900;\"><strong>el pas del temps<\/strong><\/span> a medi social. Hem finalitzat el tema amb la confecci\u00f3 d&#8217;un <span style=\"color: #3366ff;\"><strong>&#8220;Lapbook&#8221;<\/strong><\/span>, on hem pogut explicar tots els continguts del tema. Ara ja coneixem les diferents etapes de la hist\u00f2ria i com s&#8217;ha documentat cada una d&#8217;aquestes a trav\u00e9s de fonts escrites i no escrites. Tamb\u00e9 sabem com \u00e9s la feina que fan els arque\u00f2legs i que les poblacions tenen hist\u00f2ria.<br \/>\nEns ho hem passat molt b\u00e9 veient-nos en fotos de quan \u00e9rem petits (passat), una d&#8217;actual (present) i una de quan serem vellets (futur) gr\u00e0cies a una aplicaci\u00f3.<\/p>\n<p style=\"text-align: center;\"><em>Cliqueu a la imatge per veure m\u00e9s.<\/em><\/p>\n<p><a href=\"https:\/\/photos.app.goo.gl\/S3Y7nkyNY6eBCBHp7\"><img loading=\"lazy\" decoding=\"async\" class=\"aligncenter size-medium wp-image-4455\" src=\"https:\/\/agora.xtec.cat\/ceip-antoni-gaudi\/wp-content\/uploads\/usu683\/2022\/03\/1647717354596-300x139.jpg\" alt=\"\" width=\"300\" height=\"139\" srcset=\"https:\/\/agora.xtec.cat\/ceip-antoni-gaudi\/wp-content\/uploads\/usu683\/2022\/03\/1647717354596-300x139.jpg 300w, https:\/\/agora.xtec.cat\/ceip-antoni-gaudi\/wp-content\/uploads\/usu683\/2022\/03\/1647717354596-1024x473.jpg 1024w, https:\/\/agora.xtec.cat\/ceip-antoni-gaudi\/wp-content\/uploads\/usu683\/2022\/03\/1647717354596-768x355.jpg 768w, https:\/\/agora.xtec.cat\/ceip-antoni-gaudi\/wp-content\/uploads\/usu683\/2022\/03\/1647717354596-1536x709.jpg 1536w, https:\/\/agora.xtec.cat\/ceip-antoni-gaudi\/wp-content\/uploads\/usu683\/2022\/03\/1647717354596.jpg 1600w\" sizes=\"auto, (max-width: 300px) 100vw, 300px\" \/><\/a><\/p>\n","protected":false},"excerpt":{"rendered":"<p>A 3r hem treballat el pas del temps a medi social. Hem finalitzat el tema amb la confecci\u00f3 d&#8217;un &#8220;Lapbook&#8221;, on hem pogut explicar tots els continguts del tema. Ara ja coneixem les diferents etapes de la hist\u00f2ria i com s&#8217;ha documentat cada una d&#8217;aquestes&hellip;  <a href=\"https:\/\/agora.xtec.cat\/ceip-antoni-gaudi\/general\/a-3r-treballem-el-pas-del-temps\/\" title=\"Read A 3r treballem el pas del temps\">Llegeix m\u00e9s\u00bb<\/a><\/p>\n","protected":false},"author":3,"featured_media":4455,"comment_status":"open","ping_status":"closed","sticky":false,"template":"","format":"standard","meta":{"_bbp_topic_count":0,"_bbp_reply_count":0,"_bbp_total_topic_count":0,"_bbp_total_reply_count":0,"_bbp_voice_count":0,"_bbp_anonymous_reply_count":0,"_bbp_topic_count_hidden":0,"_bbp_reply_count_hidden":0,"_bbp_forum_subforum_count":0,"footnotes":""},"categories":[1,12,4,5],"tags":[],"class_list":["post-4454","post","type-post","status-publish","format-standard","has-post-thumbnail","hentry","category-general","category-p3","category-portada","category-primaria"],"post_mailing_queue_ids":[],"_links":{"self":[{"href":"https:\/\/agora.xtec.cat\/ceip-antoni-gaudi\/wp-json\/wp\/v2\/posts\/4454","targetHints":{"allow":["GET"]}}],"collection":[{"href":"https:\/\/agora.xtec.cat\/ceip-antoni-gaudi\/wp-json\/wp\/v2\/posts"}],"about":[{"href":"https:\/\/agora.xtec.cat\/ceip-antoni-gaudi\/wp-json\/wp\/v2\/types\/post"}],"author":[{"embeddable":true,"href":"https:\/\/agora.xtec.cat\/ceip-antoni-gaudi\/wp-json\/wp\/v2\/users\/3"}],"replies":[{"embeddable":true,"href":"https:\/\/agora.xtec.cat\/ceip-antoni-gaudi\/wp-json\/wp\/v2\/comments?post=4454"}],"version-history":[{"count":2,"href":"https:\/\/agora.xtec.cat\/ceip-antoni-gaudi\/wp-json\/wp\/v2\/posts\/4454\/revisions"}],"predecessor-version":[{"id":4457,"href":"https:\/\/agora.xtec.cat\/ceip-antoni-gaudi\/wp-json\/wp\/v2\/posts\/4454\/revisions\/4457"}],"wp:featuredmedia":[{"embeddable":true,"href":"https:\/\/agora.xtec.cat\/ceip-antoni-gaudi\/wp-json\/wp\/v2\/media\/4455"}],"wp:attachment":[{"href":"https:\/\/agora.xtec.cat\/ceip-antoni-gaudi\/wp-json\/wp\/v2\/media?parent=4454"}],"wp:term":[{"taxonomy":"category","embeddable":true,"href":"https:\/\/agora.xtec.cat\/ceip-antoni-gaudi\/wp-json\/wp\/v2\/categories?post=4454"},{"taxonomy":"post_tag","embeddable":true,"href":"https:\/\/agora.xtec.cat\/ceip-antoni-gaudi\/wp-json\/wp\/v2\/tags?post=4454"}],"curies":[{"name":"wp","href":"https:\/\/api.w.org\/{rel}","templated":true}]}}