{"id":4425,"date":"2022-03-18T14:46:56","date_gmt":"2022-03-18T13:46:56","guid":{"rendered":"https:\/\/agora.xtec.cat\/ceip-antoni-gaudi\/?p=4425"},"modified":"2022-03-18T14:46:56","modified_gmt":"2022-03-18T13:46:56","slug":"setmana-gaudi-a-educacio-infantil","status":"publish","type":"post","link":"https:\/\/agora.xtec.cat\/ceip-antoni-gaudi\/infantil\/setmana-gaudi-a-educacio-infantil\/","title":{"rendered":"SETMANA GAUD\u00cd A EDUCACI\u00d3 INFANTIL!"},"content":{"rendered":"<p><span style=\"font-family: inherit; font-size: 1em;\">Avui ha finalitzat una setmana en la que, els nens i nenes d&#8217;educaci\u00f3 infantil, hem conegut\u00a0<\/span><strong style=\"font-family: inherit; font-size: 1em;\">l&#8217;arquitecte Antoni Gaud\u00ed.<\/strong><span style=\"font-family: inherit; font-size: 1em;\">\u00a0La nostra escola porta el seu nom i, per aix\u00f2 de seguida ens ha emocionat con\u00e8ixer-lo m\u00e9s!<\/span><\/p>\n<p>Durant la setmana hem realitzat diferents\u00a0<strong>tallers<\/strong>\u00a0sobre diverses t\u00e8cniques que emprava Gaud\u00ed:<\/p>\n<ul>\n<li>Taller de <strong><span style=\"color: #993300;\"><span style=\"color: #008080;\">modelatge de fang<\/span>.<\/span><\/strong><\/li>\n<li>Taller de <strong><span style=\"color: #ff9900;\">tr<\/span><span style=\"color: #0000ff;\">en<\/span><span style=\"color: #ff0000;\">ca<\/span><span style=\"color: #339966;\">d\u00eds.<\/span><\/strong><\/li>\n<li>Taller de <span style=\"color: #ff6600;\"><strong>vitralls.<\/strong><\/span><\/li>\n<\/ul>\n<p>A continuaci\u00f3 us deixem un recull de fotos de la setmana tem\u00e0tica!<\/p>\n<p><a href=\"https:\/\/photos.app.goo.gl\/aZ9prJF8Rj1x3i859\"><img loading=\"lazy\" decoding=\"async\" class=\"wp-image-4428 size-thumbnail alignnone\" src=\"https:\/\/agora.xtec.cat\/ceip-antoni-gaudi\/wp-content\/uploads\/usu683\/2022\/03\/Captura-de-pantalla-2022-03-16-a-las-12.37.51-150x150.png\" alt=\"\" width=\"150\" height=\"150\" \/><\/a>\u00a0 \u00a0 \u00a0 <a href=\"https:\/\/photos.app.goo.gl\/G7c8Q8rwH6Zre2Jk6\"><img loading=\"lazy\" decoding=\"async\" class=\"wp-image-4429 size-thumbnail alignnone\" src=\"https:\/\/agora.xtec.cat\/ceip-antoni-gaudi\/wp-content\/uploads\/usu683\/2022\/03\/Captura-de-pantalla-2022-03-16-a-las-12.39.13-150x150.png\" alt=\"\" width=\"150\" height=\"150\" \/><\/a>\u00a0 \u00a0 \u00a0 <a href=\"https:\/\/photos.app.goo.gl\/9jEwupdMSjSmCc9t5\"><img loading=\"lazy\" decoding=\"async\" class=\"wp-image-4430 size-thumbnail alignnone\" src=\"https:\/\/agora.xtec.cat\/ceip-antoni-gaudi\/wp-content\/uploads\/usu683\/2022\/03\/Captura-de-pantalla-2022-03-16-a-las-12.40.08-150x150.png\" alt=\"\" width=\"150\" height=\"150\" \/><\/a><\/p>\n<div>\n<p><span lang=\"CA\">Per concloure la nostra setmana sobre Antoni Gaud\u00ed hem anat d&#8217;excursi\u00f3 al <span style=\"color: #008000;\"><strong>Parc G\u00fcell!<\/strong><\/span> All\u00e0 hem trobat algunes de les produccions d&#8217;en Gaud\u00ed que hem realitzat a l&#8217;aula: la <strong><span style=\"color: #008080;\">Salamandra<\/span><\/strong>, els <strong><span style=\"color: #ff6600;\">Rosetons<\/span> <\/strong>i <\/span><strong><span style=\"color: #ff9900;\">tr<\/span><span style=\"color: #0000ff;\">en<\/span><span style=\"color: #ff0000;\">ca<\/span><span style=\"color: #339966;\">d\u00eds\u00a0<\/span><\/strong><span style=\"font-family: inherit; font-size: 1em;\">per tot arreu!\u00a0<\/span><\/p>\n<\/div>\n<div>\n<p><span lang=\"CA\">Us deixem un recull de <strong>fotografies de la sortida al Parc G\u00fcell!\u00a0<\/strong><\/span><\/p>\n<p><a href=\"https:\/\/photos.app.goo.gl\/qPLu5PiGdQdgmYED9\"><img loading=\"lazy\" decoding=\"async\" class=\"aligncenter wp-image-4446 size-medium\" src=\"https:\/\/agora.xtec.cat\/ceip-antoni-gaudi\/wp-content\/uploads\/usu683\/2022\/03\/Captura-de-pantalla-2022-03-18-a-las-14.09.42-300x229.png\" alt=\"\" width=\"300\" height=\"229\" srcset=\"https:\/\/agora.xtec.cat\/ceip-antoni-gaudi\/wp-content\/uploads\/usu683\/2022\/03\/Captura-de-pantalla-2022-03-18-a-las-14.09.42-300x229.png 300w, https:\/\/agora.xtec.cat\/ceip-antoni-gaudi\/wp-content\/uploads\/usu683\/2022\/03\/Captura-de-pantalla-2022-03-18-a-las-14.09.42-768x588.png 768w, https:\/\/agora.xtec.cat\/ceip-antoni-gaudi\/wp-content\/uploads\/usu683\/2022\/03\/Captura-de-pantalla-2022-03-18-a-las-14.09.42.png 868w\" sizes=\"auto, (max-width: 300px) 100vw, 300px\" \/><\/a><\/p>\n<\/div>\n<p>&nbsp;<\/p>\n","protected":false},"excerpt":{"rendered":"<p>Avui ha finalitzat una setmana en la que, els nens i nenes d&#8217;educaci\u00f3 infantil, hem conegut\u00a0l&#8217;arquitecte Antoni Gaud\u00ed.\u00a0La nostra escola porta el seu nom i, per aix\u00f2 de seguida ens ha emocionat con\u00e8ixer-lo m\u00e9s!<br \/>\nDurant la setmana hem realitzat diferents\u00a0tallers\u00a0sobre diverses t\u00e8cniques que emprava Gaud\u00ed:<\/p>\n<ul>\n<li>Taller de&hellip;  <a href=\"https:\/\/agora.xtec.cat\/ceip-antoni-gaudi\/infantil\/setmana-gaudi-a-educacio-infantil\/\" title=\"Read SETMANA GAUD\u00cd A EDUCACI\u00d3 INFANTIL!\">Llegeix m\u00e9s\u00bb<\/a><br \/>\n","protected":false},"author":6,"featured_media":0,"comment_status":"open","ping_status":"closed","sticky":false,"template":"","format":"standard","meta":{"_bbp_topic_count":0,"_bbp_reply_count":0,"_bbp_total_topic_count":0,"_bbp_total_reply_count":0,"_bbp_voice_count":0,"_bbp_anonymous_reply_count":0,"_bbp_topic_count_hidden":0,"_bbp_reply_count_hidden":0,"_bbp_forum_subforum_count":0,"footnotes":""},"categories":[3,8,9,2,4],"tags":[],"class_list":["post-4425","post","type-post","status-publish","format-standard","hentry","category-i3","category-i4","category-i5","category-infantil","category-portada"],"post_mailing_queue_ids":[],"_links":{"self":[{"href":"https:\/\/agora.xtec.cat\/ceip-antoni-gaudi\/wp-json\/wp\/v2\/posts\/4425","targetHints":{"allow":["GET"]}}],"collection":[{"href":"https:\/\/agora.xtec.cat\/ceip-antoni-gaudi\/wp-json\/wp\/v2\/posts"}],"about":[{"href":"https:\/\/agora.xtec.cat\/ceip-antoni-gaudi\/wp-json\/wp\/v2\/types\/post"}],"author":[{"embeddable":true,"href":"https:\/\/agora.xtec.cat\/ceip-antoni-gaudi\/wp-json\/wp\/v2\/users\/6"}],"replies":[{"embeddable":true,"href":"https:\/\/agora.xtec.cat\/ceip-antoni-gaudi\/wp-json\/wp\/v2\/comments?post=4425"}],"version-history":[{"count":3,"href":"https:\/\/agora.xtec.cat\/ceip-antoni-gaudi\/wp-json\/wp\/v2\/posts\/4425\/revisions"}],"predecessor-version":[{"id":4449,"href":"https:\/\/agora.xtec.cat\/ceip-antoni-gaudi\/wp-json\/wp\/v2\/posts\/4425\/revisions\/4449"}],"wp:attachment":[{"href":"https:\/\/agora.xtec.cat\/ceip-antoni-gaudi\/wp-json\/wp\/v2\/media?parent=4425"}],"wp:term":[{"taxonomy":"category","embeddable":true,"href":"https:\/\/agora.xtec.cat\/ceip-antoni-gaudi\/wp-json\/wp\/v2\/categories?post=4425"},{"taxonomy":"post_tag","embeddable":true,"href":"https:\/\/agora.xtec.cat\/ceip-antoni-gaudi\/wp-json\/wp\/v2\/tags?post=4425"}],"curies":[{"name":"wp","href":"https:\/\/api.w.org\/{rel}","templated":true}]}}