{"id":4399,"date":"2022-03-11T11:09:44","date_gmt":"2022-03-11T10:09:44","guid":{"rendered":"https:\/\/agora.xtec.cat\/ceip-antoni-gaudi\/?p=4399"},"modified":"2022-03-11T11:09:44","modified_gmt":"2022-03-11T10:09:44","slug":"robotica-a-5e","status":"publish","type":"post","link":"https:\/\/agora.xtec.cat\/ceip-antoni-gaudi\/general\/robotica-a-5e\/","title":{"rendered":"Rob\u00f2tica a 5\u00e8"},"content":{"rendered":"<p>L&#8217;alumnat de 5\u00e8 gaudeix d&#8217;unes sessions de <span style=\"color: #333399;\"><strong>rob\u00f2tica<\/strong><\/span> molt interessants els dilluns i els dimecres a les 17 h. Estan aprenent a programar <span style=\"color: #3366ff;\"><strong>robots<\/strong><\/span>. \ud83e\udd16 \ud83d\udcbb<\/p>\n<p>Cliqueu la imatge per veure totes les fotos \ud83d\udcf8 \u2935<\/p>\n<p><a href=\"https:\/\/photos.app.goo.gl\/a55qiNQDAEBqiQdTA\"><img loading=\"lazy\" decoding=\"async\" class=\"alignnone size-medium wp-image-4400\" src=\"https:\/\/agora.xtec.cat\/ceip-antoni-gaudi\/wp-content\/uploads\/usu683\/2022\/03\/IMG_2053-300x225.jpg\" alt=\"\" width=\"300\" height=\"225\" srcset=\"https:\/\/agora.xtec.cat\/ceip-antoni-gaudi\/wp-content\/uploads\/usu683\/2022\/03\/IMG_2053-300x225.jpg 300w, https:\/\/agora.xtec.cat\/ceip-antoni-gaudi\/wp-content\/uploads\/usu683\/2022\/03\/IMG_2053-1024x768.jpg 1024w, https:\/\/agora.xtec.cat\/ceip-antoni-gaudi\/wp-content\/uploads\/usu683\/2022\/03\/IMG_2053-768x576.jpg 768w, https:\/\/agora.xtec.cat\/ceip-antoni-gaudi\/wp-content\/uploads\/usu683\/2022\/03\/IMG_2053-200x150.jpg 200w, https:\/\/agora.xtec.cat\/ceip-antoni-gaudi\/wp-content\/uploads\/usu683\/2022\/03\/IMG_2053.jpg 1218w\" sizes=\"auto, (max-width: 300px) 100vw, 300px\" \/><\/a><\/p>\n","protected":false},"excerpt":{"rendered":"<p>L&#8217;alumnat de 5\u00e8 gaudeix d&#8217;unes sessions de rob\u00f2tica molt interessants els dilluns i els dimecres a les 17 h. Estan aprenent a programar robots. \ud83e\udd16 \ud83d\udcbb<br \/>\nCliqueu la imatge per veure totes les fotos \ud83d\udcf8 \u2935<br \/>\n<a href=\"https:\/\/photos.app.goo.gl\/a55qiNQDAEBqiQdTA\"><\/a><\/p>\n","protected":false},"author":5,"featured_media":4400,"comment_status":"open","ping_status":"closed","sticky":false,"template":"","format":"standard","meta":{"_bbp_topic_count":0,"_bbp_reply_count":0,"_bbp_total_topic_count":0,"_bbp_total_reply_count":0,"_bbp_voice_count":0,"_bbp_anonymous_reply_count":0,"_bbp_topic_count_hidden":0,"_bbp_reply_count_hidden":0,"_bbp_forum_subforum_count":0,"footnotes":""},"categories":[1,14,4,229,5],"tags":[],"class_list":["post-4399","post","type-post","status-publish","format-standard","has-post-thumbnail","hentry","category-general","category-p5","category-portada","category-portada-portada","category-primaria"],"post_mailing_queue_ids":[],"_links":{"self":[{"href":"https:\/\/agora.xtec.cat\/ceip-antoni-gaudi\/wp-json\/wp\/v2\/posts\/4399","targetHints":{"allow":["GET"]}}],"collection":[{"href":"https:\/\/agora.xtec.cat\/ceip-antoni-gaudi\/wp-json\/wp\/v2\/posts"}],"about":[{"href":"https:\/\/agora.xtec.cat\/ceip-antoni-gaudi\/wp-json\/wp\/v2\/types\/post"}],"author":[{"embeddable":true,"href":"https:\/\/agora.xtec.cat\/ceip-antoni-gaudi\/wp-json\/wp\/v2\/users\/5"}],"replies":[{"embeddable":true,"href":"https:\/\/agora.xtec.cat\/ceip-antoni-gaudi\/wp-json\/wp\/v2\/comments?post=4399"}],"version-history":[{"count":1,"href":"https:\/\/agora.xtec.cat\/ceip-antoni-gaudi\/wp-json\/wp\/v2\/posts\/4399\/revisions"}],"predecessor-version":[{"id":4401,"href":"https:\/\/agora.xtec.cat\/ceip-antoni-gaudi\/wp-json\/wp\/v2\/posts\/4399\/revisions\/4401"}],"wp:featuredmedia":[{"embeddable":true,"href":"https:\/\/agora.xtec.cat\/ceip-antoni-gaudi\/wp-json\/wp\/v2\/media\/4400"}],"wp:attachment":[{"href":"https:\/\/agora.xtec.cat\/ceip-antoni-gaudi\/wp-json\/wp\/v2\/media?parent=4399"}],"wp:term":[{"taxonomy":"category","embeddable":true,"href":"https:\/\/agora.xtec.cat\/ceip-antoni-gaudi\/wp-json\/wp\/v2\/categories?post=4399"},{"taxonomy":"post_tag","embeddable":true,"href":"https:\/\/agora.xtec.cat\/ceip-antoni-gaudi\/wp-json\/wp\/v2\/tags?post=4399"}],"curies":[{"name":"wp","href":"https:\/\/api.w.org\/{rel}","templated":true}]}}