{"id":4396,"date":"2022-03-10T14:09:00","date_gmt":"2022-03-10T13:09:00","guid":{"rendered":"https:\/\/agora.xtec.cat\/ceip-antoni-gaudi\/?p=4396"},"modified":"2022-03-10T14:09:00","modified_gmt":"2022-03-10T13:09:00","slug":"8-de-marc-dia-internacional-de-la-dona","status":"publish","type":"post","link":"https:\/\/agora.xtec.cat\/ceip-antoni-gaudi\/general\/8-de-marc-dia-internacional-de-la-dona\/","title":{"rendered":"8 DE MAR\u00c7 DIA INTERNACIONAL DE LA DONA"},"content":{"rendered":"<p>El passat dimarts dia <strong><span style=\"color: #800080;\">8 de mar\u00e7<\/span> <\/strong>va ser el <span style=\"color: #800080;\"><strong>dia internacional de la dona<\/strong><\/span> i l&#8217;alumnat de 6\u00e8 de prim\u00e0ria van fer activitats relacionades amb la tem\u00e0tica.<br \/>\nVan buscar informaci\u00f3 amb les tauletes i despr\u00e9s la van posar en com\u00fa per fer un mural, van con\u00e8ixer m\u00e9s sobre la vida d&#8217;aquestes dones tan importants.<\/p>\n<p><a href=\"https:\/\/photos.app.goo.gl\/SDkGLE6iVQHWQNTy9\"><img loading=\"lazy\" decoding=\"async\" class=\"\" src=\"https:\/\/agora.xtec.cat\/ceip-antoni-gaudi\/wp-content\/uploads\/usu683\/2022\/03\/IMG_20220308_124223.jpg\" width=\"340\" height=\"254\" \/><\/a><\/p>\n","protected":false},"excerpt":{"rendered":"<p>El passat dimarts dia 8 de mar\u00e7 va ser el dia internacional de la dona i l&#8217;alumnat de 6\u00e8 de prim\u00e0ria van fer activitats relacionades amb la tem\u00e0tica.<br \/>\nVan buscar informaci\u00f3 amb les tauletes i despr\u00e9s la van posar en com\u00fa per fer un mural, van&hellip;  <a href=\"https:\/\/agora.xtec.cat\/ceip-antoni-gaudi\/general\/8-de-marc-dia-internacional-de-la-dona\/\" title=\"Read 8 DE MAR\u00c7 DIA INTERNACIONAL DE LA DONA\">Llegeix m\u00e9s\u00bb<\/a><\/p>\n","protected":false},"author":5,"featured_media":4397,"comment_status":"open","ping_status":"closed","sticky":false,"template":"","format":"standard","meta":{"_bbp_topic_count":0,"_bbp_reply_count":0,"_bbp_total_topic_count":0,"_bbp_total_reply_count":0,"_bbp_voice_count":0,"_bbp_anonymous_reply_count":0,"_bbp_topic_count_hidden":0,"_bbp_reply_count_hidden":0,"_bbp_forum_subforum_count":0,"footnotes":""},"categories":[1,15,4,229,5],"tags":[],"class_list":["post-4396","post","type-post","status-publish","format-standard","has-post-thumbnail","hentry","category-general","category-p6","category-portada","category-portada-portada","category-primaria"],"post_mailing_queue_ids":[],"_links":{"self":[{"href":"https:\/\/agora.xtec.cat\/ceip-antoni-gaudi\/wp-json\/wp\/v2\/posts\/4396","targetHints":{"allow":["GET"]}}],"collection":[{"href":"https:\/\/agora.xtec.cat\/ceip-antoni-gaudi\/wp-json\/wp\/v2\/posts"}],"about":[{"href":"https:\/\/agora.xtec.cat\/ceip-antoni-gaudi\/wp-json\/wp\/v2\/types\/post"}],"author":[{"embeddable":true,"href":"https:\/\/agora.xtec.cat\/ceip-antoni-gaudi\/wp-json\/wp\/v2\/users\/5"}],"replies":[{"embeddable":true,"href":"https:\/\/agora.xtec.cat\/ceip-antoni-gaudi\/wp-json\/wp\/v2\/comments?post=4396"}],"version-history":[{"count":1,"href":"https:\/\/agora.xtec.cat\/ceip-antoni-gaudi\/wp-json\/wp\/v2\/posts\/4396\/revisions"}],"predecessor-version":[{"id":4398,"href":"https:\/\/agora.xtec.cat\/ceip-antoni-gaudi\/wp-json\/wp\/v2\/posts\/4396\/revisions\/4398"}],"wp:featuredmedia":[{"embeddable":true,"href":"https:\/\/agora.xtec.cat\/ceip-antoni-gaudi\/wp-json\/wp\/v2\/media\/4397"}],"wp:attachment":[{"href":"https:\/\/agora.xtec.cat\/ceip-antoni-gaudi\/wp-json\/wp\/v2\/media?parent=4396"}],"wp:term":[{"taxonomy":"category","embeddable":true,"href":"https:\/\/agora.xtec.cat\/ceip-antoni-gaudi\/wp-json\/wp\/v2\/categories?post=4396"},{"taxonomy":"post_tag","embeddable":true,"href":"https:\/\/agora.xtec.cat\/ceip-antoni-gaudi\/wp-json\/wp\/v2\/tags?post=4396"}],"curies":[{"name":"wp","href":"https:\/\/api.w.org\/{rel}","templated":true}]}}