{"id":4393,"date":"2022-03-11T17:57:57","date_gmt":"2022-03-11T16:57:57","guid":{"rendered":"https:\/\/agora.xtec.cat\/ceip-antoni-gaudi\/?p=4393"},"modified":"2022-03-11T17:57:57","modified_gmt":"2022-03-11T16:57:57","slug":"setmana-de-lexplorador-a-educacio-infantil","status":"publish","type":"post","link":"https:\/\/agora.xtec.cat\/ceip-antoni-gaudi\/general\/setmana-de-lexplorador-a-educacio-infantil\/","title":{"rendered":"SETMANA DE L&#8217;EXPLORADOR A EDUCACI\u00d3 INFANTIL"},"content":{"rendered":"<p><span lang=\"CA\">Aprofitant la sortida dels exploradors, durant la setmana, hem estat preparant <strong>menjadores pels ocells.<\/strong>\u00a0<\/span><\/p>\n<p><span lang=\"CA\"><strong>Dimecres, <span style=\"color: #ff6600;\">els cavallets i les estrelles de mar <\/span><\/strong>vam sortir a fer d&#8217;exploradors del nostre entorn; ens vam trobar amb diferents animals: cavalls, gossos, ocellets&#8230; Vam veure un niu d&#8217;ocells un petit riu&#8230; . Durant la sortida, \u00a0hem pogut posar en diferents arbres les menjadores que vam fer a l\u2019aula perqu\u00e8, aix\u00ed, els ocells s&#8217;alimentin! \u00a0<\/span><\/p>\n<p>Despr\u00e9s d\u2019esmorzar vam poder gaudir d\u2019un parc que tenim ben a prop de l\u2019escola! Ens ho hem passat la mar de b\u00e9!<\/p>\n<p><a href=\"https:\/\/photos.app.goo.gl\/2Gwz1odBin2KFCsA7\"><img loading=\"lazy\" decoding=\"async\" class=\"wp-image-4405 size-thumbnail alignnone\" src=\"https:\/\/agora.xtec.cat\/ceip-antoni-gaudi\/wp-content\/uploads\/usu683\/2022\/03\/Captura-de-pantalla-2022-03-11-a-las-13.27.08-150x150.png\" alt=\"\" width=\"150\" height=\"150\" \/><\/a><\/p>\n<p><strong>Dijous<\/strong><strong>,\u00a0<\/strong><span style=\"color: #0000ff;\"><strong>els ossos polars i els ping\u00fcins<\/strong><\/span>\u00a0vam anar a fer d&#8217;exploradors fins a l\u2019aer\u00f2drom. All\u00e0, per grups, hem deixat les menjadores d&#8217;ocells als arbres i hem recollit diferents elements naturals: pedres, troncs, flors, pinyes&#8230;\u00a0 Per acabar el dia de l&#8217;explorador hem creat mandales a partir dels elements naturals recollits durant la sortida.<\/p>\n<p><a href=\"https:\/\/photos.app.goo.gl\/89Yd4wxJ2pF1ftWG9\"><img loading=\"lazy\" decoding=\"async\" class=\"wp-image-4406 size-thumbnail alignnone\" src=\"https:\/\/agora.xtec.cat\/ceip-antoni-gaudi\/wp-content\/uploads\/usu683\/2022\/03\/Captura-de-pantalla-2022-03-11-a-las-13.28.29-150x150.png\" alt=\"\" width=\"150\" height=\"150\" \/><\/a><\/p>\n<p><strong>Divendres,<\/strong><span style=\"color: #339966;\"><strong>\u00a0les granotes<\/strong><\/span>, vam arribar a l&#8217;escola amb moltes ganes de fer d&#8217;exploradors! Tots ben equipats vam sortir per l&#8217;entorn. Hem vist cavalls i diferents insectes: cucs, formigues, cargols&#8230;<br \/>\nLes nostres menjadores d&#8217;ocells les hem fet amb tubs de paper de v\u00e0ter, crema de cacauet i menjar pels ocells. Mentre f\u00e8iem d&#8217;exploradors, n&#8217;hem pogut deixar als arbres del cam\u00ed i tamb\u00e9 als arbres del pati de l&#8217;escola.<\/p>\n<p><a href=\"https:\/\/photos.app.goo.gl\/RNhAyYfmPse6ivvr7\"><img loading=\"lazy\" decoding=\"async\" class=\"wp-image-4408 size-thumbnail alignnone\" src=\"https:\/\/agora.xtec.cat\/ceip-antoni-gaudi\/wp-content\/uploads\/usu683\/2022\/03\/Captura-de-pantalla-2022-03-11-a-las-14.42.28-150x150.png\" alt=\"\" width=\"150\" height=\"150\" \/><\/a><\/p>\n<p>&nbsp;<\/p>\n","protected":false},"excerpt":{"rendered":"<p>Aprofitant la sortida dels exploradors, durant la setmana, hem estat preparant menjadores pels ocells.\u00a0<br \/>\nDimecres, els cavallets i les estrelles de mar vam sortir a fer d&#8217;exploradors del nostre entorn; ens vam trobar amb diferents animals: cavalls, gossos, ocellets&#8230; Vam veure un niu d&#8217;ocells un petit&hellip;  <a href=\"https:\/\/agora.xtec.cat\/ceip-antoni-gaudi\/general\/setmana-de-lexplorador-a-educacio-infantil\/\" title=\"Read SETMANA DE L&#8217;EXPLORADOR A EDUCACI\u00d3 INFANTIL\">Llegeix m\u00e9s\u00bb<\/a><\/p>\n","protected":false},"author":6,"featured_media":0,"comment_status":"open","ping_status":"closed","sticky":false,"template":"","format":"standard","meta":{"_bbp_topic_count":0,"_bbp_reply_count":0,"_bbp_total_topic_count":0,"_bbp_total_reply_count":0,"_bbp_voice_count":0,"_bbp_anonymous_reply_count":0,"_bbp_topic_count_hidden":0,"_bbp_reply_count_hidden":0,"_bbp_forum_subforum_count":0,"footnotes":""},"categories":[1,3,8,9,2,4],"tags":[],"class_list":["post-4393","post","type-post","status-publish","format-standard","hentry","category-general","category-i3","category-i4","category-i5","category-infantil","category-portada"],"post_mailing_queue_ids":[],"_links":{"self":[{"href":"https:\/\/agora.xtec.cat\/ceip-antoni-gaudi\/wp-json\/wp\/v2\/posts\/4393","targetHints":{"allow":["GET"]}}],"collection":[{"href":"https:\/\/agora.xtec.cat\/ceip-antoni-gaudi\/wp-json\/wp\/v2\/posts"}],"about":[{"href":"https:\/\/agora.xtec.cat\/ceip-antoni-gaudi\/wp-json\/wp\/v2\/types\/post"}],"author":[{"embeddable":true,"href":"https:\/\/agora.xtec.cat\/ceip-antoni-gaudi\/wp-json\/wp\/v2\/users\/6"}],"replies":[{"embeddable":true,"href":"https:\/\/agora.xtec.cat\/ceip-antoni-gaudi\/wp-json\/wp\/v2\/comments?post=4393"}],"version-history":[{"count":3,"href":"https:\/\/agora.xtec.cat\/ceip-antoni-gaudi\/wp-json\/wp\/v2\/posts\/4393\/revisions"}],"predecessor-version":[{"id":4410,"href":"https:\/\/agora.xtec.cat\/ceip-antoni-gaudi\/wp-json\/wp\/v2\/posts\/4393\/revisions\/4410"}],"wp:attachment":[{"href":"https:\/\/agora.xtec.cat\/ceip-antoni-gaudi\/wp-json\/wp\/v2\/media?parent=4393"}],"wp:term":[{"taxonomy":"category","embeddable":true,"href":"https:\/\/agora.xtec.cat\/ceip-antoni-gaudi\/wp-json\/wp\/v2\/categories?post=4393"},{"taxonomy":"post_tag","embeddable":true,"href":"https:\/\/agora.xtec.cat\/ceip-antoni-gaudi\/wp-json\/wp\/v2\/tags?post=4393"}],"curies":[{"name":"wp","href":"https:\/\/api.w.org\/{rel}","templated":true}]}}