{"id":4388,"date":"2022-03-08T13:12:38","date_gmt":"2022-03-08T12:12:38","guid":{"rendered":"https:\/\/agora.xtec.cat\/ceip-antoni-gaudi\/?p=4388"},"modified":"2022-03-08T13:13:49","modified_gmt":"2022-03-08T12:13:49","slug":"teatre-8-de-marc-4t-i-5e","status":"publish","type":"post","link":"https:\/\/agora.xtec.cat\/ceip-antoni-gaudi\/general\/teatre-8-de-marc-4t-i-5e\/","title":{"rendered":"Teatre 8 de mar\u00e7 &#8211; 4t i 5\u00e8"},"content":{"rendered":"<p>Avui que \u00e9s el <span style=\"color: #800080;\"><strong>dia de la dona \u2640\ufe0f <\/strong><\/span>, l&#8217;alumnat de 4t i 5\u00e8 hem anat al Mont-\u00c0gora a veure una obra de teatre titulada <span style=\"color: #993366;\"><strong>&#8220;Hi ha res m\u00e9s avorrit que ser una princesa rosa?&#8221;<\/strong><\/span>. \ud83d\udc78<\/p>\n<p>Cliqueu la imatge per veure la resta de fotos. \ud83d\udcf8<\/p>\n<p><a href=\"https:\/\/photos.app.goo.gl\/d34t2qw8DYQNMLiEA\"><img loading=\"lazy\" decoding=\"async\" class=\"alignnone size-medium wp-image-4390\" src=\"https:\/\/agora.xtec.cat\/ceip-antoni-gaudi\/wp-content\/uploads\/usu683\/2022\/03\/75e4c9cb-d479-4e46-b187-bb2ff9569f19-300x225.jpg\" alt=\"\" width=\"300\" height=\"225\" srcset=\"https:\/\/agora.xtec.cat\/ceip-antoni-gaudi\/wp-content\/uploads\/usu683\/2022\/03\/75e4c9cb-d479-4e46-b187-bb2ff9569f19-300x225.jpg 300w, https:\/\/agora.xtec.cat\/ceip-antoni-gaudi\/wp-content\/uploads\/usu683\/2022\/03\/75e4c9cb-d479-4e46-b187-bb2ff9569f19-1024x768.jpg 1024w, https:\/\/agora.xtec.cat\/ceip-antoni-gaudi\/wp-content\/uploads\/usu683\/2022\/03\/75e4c9cb-d479-4e46-b187-bb2ff9569f19-768x576.jpg 768w, https:\/\/agora.xtec.cat\/ceip-antoni-gaudi\/wp-content\/uploads\/usu683\/2022\/03\/75e4c9cb-d479-4e46-b187-bb2ff9569f19-200x150.jpg 200w, https:\/\/agora.xtec.cat\/ceip-antoni-gaudi\/wp-content\/uploads\/usu683\/2022\/03\/75e4c9cb-d479-4e46-b187-bb2ff9569f19.jpg 1218w\" sizes=\"auto, (max-width: 300px) 100vw, 300px\" \/><\/a><\/p>\n","protected":false},"excerpt":{"rendered":"<p>Avui que \u00e9s el dia de la dona \u2640\ufe0f , l&#8217;alumnat de 4t i 5\u00e8 hem anat al Mont-\u00c0gora a veure una obra de teatre titulada &#8220;Hi ha res m\u00e9s avorrit que ser una princesa rosa?&#8221;. \ud83d\udc78<br \/>\nCliqueu la imatge per veure la resta de fotos.&hellip;  <a href=\"https:\/\/agora.xtec.cat\/ceip-antoni-gaudi\/general\/teatre-8-de-marc-4t-i-5e\/\" title=\"Read Teatre 8 de mar\u00e7 &#8211; 4t i 5\u00e8\">Llegeix m\u00e9s\u00bb<\/a><\/p>\n","protected":false},"author":5,"featured_media":4391,"comment_status":"open","ping_status":"closed","sticky":false,"template":"","format":"standard","meta":{"_bbp_topic_count":0,"_bbp_reply_count":0,"_bbp_total_topic_count":0,"_bbp_total_reply_count":0,"_bbp_voice_count":0,"_bbp_anonymous_reply_count":0,"_bbp_topic_count_hidden":0,"_bbp_reply_count_hidden":0,"_bbp_forum_subforum_count":0,"footnotes":""},"categories":[1,13,14,4,229,5],"tags":[],"class_list":["post-4388","post","type-post","status-publish","format-standard","has-post-thumbnail","hentry","category-general","category-p4","category-p5","category-portada","category-portada-portada","category-primaria"],"post_mailing_queue_ids":[],"_links":{"self":[{"href":"https:\/\/agora.xtec.cat\/ceip-antoni-gaudi\/wp-json\/wp\/v2\/posts\/4388","targetHints":{"allow":["GET"]}}],"collection":[{"href":"https:\/\/agora.xtec.cat\/ceip-antoni-gaudi\/wp-json\/wp\/v2\/posts"}],"about":[{"href":"https:\/\/agora.xtec.cat\/ceip-antoni-gaudi\/wp-json\/wp\/v2\/types\/post"}],"author":[{"embeddable":true,"href":"https:\/\/agora.xtec.cat\/ceip-antoni-gaudi\/wp-json\/wp\/v2\/users\/5"}],"replies":[{"embeddable":true,"href":"https:\/\/agora.xtec.cat\/ceip-antoni-gaudi\/wp-json\/wp\/v2\/comments?post=4388"}],"version-history":[{"count":2,"href":"https:\/\/agora.xtec.cat\/ceip-antoni-gaudi\/wp-json\/wp\/v2\/posts\/4388\/revisions"}],"predecessor-version":[{"id":4392,"href":"https:\/\/agora.xtec.cat\/ceip-antoni-gaudi\/wp-json\/wp\/v2\/posts\/4388\/revisions\/4392"}],"wp:featuredmedia":[{"embeddable":true,"href":"https:\/\/agora.xtec.cat\/ceip-antoni-gaudi\/wp-json\/wp\/v2\/media\/4391"}],"wp:attachment":[{"href":"https:\/\/agora.xtec.cat\/ceip-antoni-gaudi\/wp-json\/wp\/v2\/media?parent=4388"}],"wp:term":[{"taxonomy":"category","embeddable":true,"href":"https:\/\/agora.xtec.cat\/ceip-antoni-gaudi\/wp-json\/wp\/v2\/categories?post=4388"},{"taxonomy":"post_tag","embeddable":true,"href":"https:\/\/agora.xtec.cat\/ceip-antoni-gaudi\/wp-json\/wp\/v2\/tags?post=4388"}],"curies":[{"name":"wp","href":"https:\/\/api.w.org\/{rel}","templated":true}]}}