{"id":4263,"date":"2022-02-18T22:41:18","date_gmt":"2022-02-18T21:41:18","guid":{"rendered":"https:\/\/agora.xtec.cat\/ceip-antoni-gaudi\/?p=4263"},"modified":"2022-02-18T22:41:18","modified_gmt":"2022-02-18T21:41:18","slug":"a-infantil-estrenem-pantalles-interactives","status":"publish","type":"post","link":"https:\/\/agora.xtec.cat\/ceip-antoni-gaudi\/general\/a-infantil-estrenem-pantalles-interactives\/","title":{"rendered":"A INFANTIL ESTRENEM PANTALLES INTERACTIVES!"},"content":{"rendered":"<p>Els m\u00e9s petits de l&#8217;escola, els nens i nenes d&#8217;educaci\u00f3 infantil, ens hem trobat amb una bona sorpresa a les nostres aules: <span style=\"color: #993366;\"><strong>pantalles t\u00e0ctils interactives!<\/strong> <\/span>Les hem estrenat realitzant diferents propostes de jocs interactius, visualitzacions d&#8217;imatges i v\u00eddeos&#8230; \u00a0Tenen moltes possibilitats i ens agraden molt!<\/p>\n<p>Si voleu veure com s\u00f3n i qu\u00e8 hem fet amb les pantalles t\u00e0ctils interactives nom\u00e9s heu de clicar la imatge seg\u00fcent!<\/p>\n<p><a href=\"https:\/\/photos.app.goo.gl\/eamnYvfmm5tZnFSSA\"><img loading=\"lazy\" decoding=\"async\" class=\"aligncenter wp-image-4274 size-medium\" src=\"https:\/\/agora.xtec.cat\/ceip-antoni-gaudi\/wp-content\/uploads\/usu683\/2022\/02\/Captura-de-pantalla-2022-02-18-a-las-22.38.32-236x300.png\" alt=\"\" width=\"236\" height=\"300\" srcset=\"https:\/\/agora.xtec.cat\/ceip-antoni-gaudi\/wp-content\/uploads\/usu683\/2022\/02\/Captura-de-pantalla-2022-02-18-a-las-22.38.32-236x300.png 236w, https:\/\/agora.xtec.cat\/ceip-antoni-gaudi\/wp-content\/uploads\/usu683\/2022\/02\/Captura-de-pantalla-2022-02-18-a-las-22.38.32.png 548w\" sizes=\"auto, (max-width: 236px) 100vw, 236px\" \/><\/a><\/p>\n","protected":false},"excerpt":{"rendered":"<p>Els m\u00e9s petits de l&#8217;escola, els nens i nenes d&#8217;educaci\u00f3 infantil, ens hem trobat amb una bona sorpresa a les nostres aules: pantalles t\u00e0ctils interactives! Les hem estrenat realitzant diferents propostes de jocs interactius, visualitzacions d&#8217;imatges i v\u00eddeos&#8230; \u00a0Tenen moltes possibilitats i ens agraden molt!<br \/>\nSi&hellip;  <a href=\"https:\/\/agora.xtec.cat\/ceip-antoni-gaudi\/general\/a-infantil-estrenem-pantalles-interactives\/\" title=\"Read A INFANTIL ESTRENEM PANTALLES INTERACTIVES!\">Llegeix m\u00e9s\u00bb<\/a><\/p>\n","protected":false},"author":6,"featured_media":516,"comment_status":"open","ping_status":"closed","sticky":false,"template":"","format":"standard","meta":{"_bbp_topic_count":0,"_bbp_reply_count":0,"_bbp_total_topic_count":0,"_bbp_total_reply_count":0,"_bbp_voice_count":0,"_bbp_anonymous_reply_count":0,"_bbp_topic_count_hidden":0,"_bbp_reply_count_hidden":0,"_bbp_forum_subforum_count":0,"footnotes":""},"categories":[1,3,8,9,2,4],"tags":[],"class_list":["post-4263","post","type-post","status-publish","format-standard","has-post-thumbnail","hentry","category-general","category-i3","category-i4","category-i5","category-infantil","category-portada"],"post_mailing_queue_ids":[],"_links":{"self":[{"href":"https:\/\/agora.xtec.cat\/ceip-antoni-gaudi\/wp-json\/wp\/v2\/posts\/4263","targetHints":{"allow":["GET"]}}],"collection":[{"href":"https:\/\/agora.xtec.cat\/ceip-antoni-gaudi\/wp-json\/wp\/v2\/posts"}],"about":[{"href":"https:\/\/agora.xtec.cat\/ceip-antoni-gaudi\/wp-json\/wp\/v2\/types\/post"}],"author":[{"embeddable":true,"href":"https:\/\/agora.xtec.cat\/ceip-antoni-gaudi\/wp-json\/wp\/v2\/users\/6"}],"replies":[{"embeddable":true,"href":"https:\/\/agora.xtec.cat\/ceip-antoni-gaudi\/wp-json\/wp\/v2\/comments?post=4263"}],"version-history":[{"count":2,"href":"https:\/\/agora.xtec.cat\/ceip-antoni-gaudi\/wp-json\/wp\/v2\/posts\/4263\/revisions"}],"predecessor-version":[{"id":4275,"href":"https:\/\/agora.xtec.cat\/ceip-antoni-gaudi\/wp-json\/wp\/v2\/posts\/4263\/revisions\/4275"}],"wp:featuredmedia":[{"embeddable":true,"href":"https:\/\/agora.xtec.cat\/ceip-antoni-gaudi\/wp-json\/wp\/v2\/media\/516"}],"wp:attachment":[{"href":"https:\/\/agora.xtec.cat\/ceip-antoni-gaudi\/wp-json\/wp\/v2\/media?parent=4263"}],"wp:term":[{"taxonomy":"category","embeddable":true,"href":"https:\/\/agora.xtec.cat\/ceip-antoni-gaudi\/wp-json\/wp\/v2\/categories?post=4263"},{"taxonomy":"post_tag","embeddable":true,"href":"https:\/\/agora.xtec.cat\/ceip-antoni-gaudi\/wp-json\/wp\/v2\/tags?post=4263"}],"curies":[{"name":"wp","href":"https:\/\/api.w.org\/{rel}","templated":true}]}}