{"id":4245,"date":"2022-02-11T13:25:31","date_gmt":"2022-02-11T12:25:31","guid":{"rendered":"https:\/\/agora.xtec.cat\/ceip-antoni-gaudi\/?p=4245"},"modified":"2022-02-11T13:25:31","modified_gmt":"2022-02-11T12:25:31","slug":"a-p5-coneixem-un-instrument-nou","status":"publish","type":"post","link":"https:\/\/agora.xtec.cat\/ceip-antoni-gaudi\/general\/a-p5-coneixem-un-instrument-nou\/","title":{"rendered":"A P5 CONEIXEM UN INSTRUMENT NOU!"},"content":{"rendered":"<p style=\"text-align: justify;\">Els ossos polars i els ping\u00fcins a l&#8217;estona de <span style=\"color: #610606;\"><strong>m\u00fasica<\/strong><\/span> hem conegut un instrument nou: la <strong><span style=\"color: #993300;\">VIOLA<\/span> <span style=\"color: #993300;\">de RODA<\/span><\/strong>. \u00c9s un instrument de <span style=\"color: #610606;\">corda fregada<\/span> que t\u00e9 un so peculiar i ens ha fet recordar altres sons que ja coneixem. Ens agrada molt descobrir diferents instruments musicals i gaudir amb el so que fan. Cliqueu la imatge i podreu veure les nostres cares en escoltar l&#8217;instrument.<\/p>\n<p><a href=\"https:\/\/photos.app.goo.gl\/WaUWGrbNHy5xQC4z7\"><img loading=\"lazy\" decoding=\"async\" class=\"aligncenter wp-image-4247\" src=\"https:\/\/agora.xtec.cat\/ceip-antoni-gaudi\/wp-content\/uploads\/usu683\/2022\/02\/1.jpg\" alt=\"\" width=\"325\" height=\"218\" srcset=\"https:\/\/agora.xtec.cat\/ceip-antoni-gaudi\/wp-content\/uploads\/usu683\/2022\/02\/1.jpg 567w, https:\/\/agora.xtec.cat\/ceip-antoni-gaudi\/wp-content\/uploads\/usu683\/2022\/02\/1-300x202.jpg 300w\" sizes=\"auto, (max-width: 325px) 100vw, 325px\" \/><\/a><\/p>\n<p>&nbsp;<\/p>\n<p>&nbsp;<\/p>\n<p>&nbsp;<\/p>\n","protected":false},"excerpt":{"rendered":"<p>Els ossos polars i els ping\u00fcins a l&#8217;estona de m\u00fasica hem conegut un instrument nou: la VIOLA de RODA. \u00c9s un instrument de corda fregada que t\u00e9 un so peculiar i ens ha fet recordar altres sons que ja coneixem. Ens agrada molt descobrir diferents&hellip;  <a href=\"https:\/\/agora.xtec.cat\/ceip-antoni-gaudi\/general\/a-p5-coneixem-un-instrument-nou\/\" title=\"Read A P5 CONEIXEM UN INSTRUMENT NOU!\">Llegeix m\u00e9s\u00bb<\/a><\/p>\n","protected":false},"author":6,"featured_media":516,"comment_status":"open","ping_status":"closed","sticky":false,"template":"","format":"standard","meta":{"_bbp_topic_count":0,"_bbp_reply_count":0,"_bbp_total_topic_count":0,"_bbp_total_reply_count":0,"_bbp_voice_count":0,"_bbp_anonymous_reply_count":0,"_bbp_topic_count_hidden":0,"_bbp_reply_count_hidden":0,"_bbp_forum_subforum_count":0,"footnotes":""},"categories":[1,9,2,4],"tags":[],"class_list":["post-4245","post","type-post","status-publish","format-standard","has-post-thumbnail","hentry","category-general","category-i5","category-infantil","category-portada"],"post_mailing_queue_ids":[],"_links":{"self":[{"href":"https:\/\/agora.xtec.cat\/ceip-antoni-gaudi\/wp-json\/wp\/v2\/posts\/4245","targetHints":{"allow":["GET"]}}],"collection":[{"href":"https:\/\/agora.xtec.cat\/ceip-antoni-gaudi\/wp-json\/wp\/v2\/posts"}],"about":[{"href":"https:\/\/agora.xtec.cat\/ceip-antoni-gaudi\/wp-json\/wp\/v2\/types\/post"}],"author":[{"embeddable":true,"href":"https:\/\/agora.xtec.cat\/ceip-antoni-gaudi\/wp-json\/wp\/v2\/users\/6"}],"replies":[{"embeddable":true,"href":"https:\/\/agora.xtec.cat\/ceip-antoni-gaudi\/wp-json\/wp\/v2\/comments?post=4245"}],"version-history":[{"count":3,"href":"https:\/\/agora.xtec.cat\/ceip-antoni-gaudi\/wp-json\/wp\/v2\/posts\/4245\/revisions"}],"predecessor-version":[{"id":4253,"href":"https:\/\/agora.xtec.cat\/ceip-antoni-gaudi\/wp-json\/wp\/v2\/posts\/4245\/revisions\/4253"}],"wp:featuredmedia":[{"embeddable":true,"href":"https:\/\/agora.xtec.cat\/ceip-antoni-gaudi\/wp-json\/wp\/v2\/media\/516"}],"wp:attachment":[{"href":"https:\/\/agora.xtec.cat\/ceip-antoni-gaudi\/wp-json\/wp\/v2\/media?parent=4245"}],"wp:term":[{"taxonomy":"category","embeddable":true,"href":"https:\/\/agora.xtec.cat\/ceip-antoni-gaudi\/wp-json\/wp\/v2\/categories?post=4245"},{"taxonomy":"post_tag","embeddable":true,"href":"https:\/\/agora.xtec.cat\/ceip-antoni-gaudi\/wp-json\/wp\/v2\/tags?post=4245"}],"curies":[{"name":"wp","href":"https:\/\/api.w.org\/{rel}","templated":true}]}}