{"id":4228,"date":"2022-02-04T17:36:21","date_gmt":"2022-02-04T16:36:21","guid":{"rendered":"https:\/\/agora.xtec.cat\/ceip-antoni-gaudi\/?p=4228"},"modified":"2022-02-04T17:36:21","modified_gmt":"2022-02-04T16:36:21","slug":"a-4t-treballem-a-paul-klee","status":"publish","type":"post","link":"https:\/\/agora.xtec.cat\/ceip-antoni-gaudi\/general\/a-4t-treballem-a-paul-klee\/","title":{"rendered":"A 4t treballem a Paul Klee"},"content":{"rendered":"<p>Aquesta setmana hem comen\u00e7at a treballar el pintor <strong><span style=\"color: #993366;\">Paul Klee<\/span><\/strong>. Hem vist algunes obres seves i hem comen\u00e7at a fer la nostra versi\u00f3 sobre <strong><span style=\"color: #ff9900;\">&#8220;castell i sol&#8221;<\/span><\/strong> d&#8217;aquest pintor. \ud83d\uddbc\ud83c\udfa8<\/p>\n<p>Durant el segon trimestre seguirem treballant diverses obres d&#8217;aquest artista i veurem quin va ser el seu estil.<\/p>\n<p><a href=\"https:\/\/photos.app.goo.gl\/6T7tpMFcx34yH4D66\" target=\"_blank\" rel=\"noopener\"><img loading=\"lazy\" decoding=\"async\" class=\"aligncenter size-medium wp-image-4230\" src=\"https:\/\/agora.xtec.cat\/ceip-antoni-gaudi\/wp-content\/uploads\/usu683\/2022\/02\/4226FA4C-3BD2-4250-83F1-85302328E134-300x225.jpeg\" alt=\"\" width=\"300\" height=\"225\" srcset=\"https:\/\/agora.xtec.cat\/ceip-antoni-gaudi\/wp-content\/uploads\/usu683\/2022\/02\/4226FA4C-3BD2-4250-83F1-85302328E134-300x225.jpeg 300w, https:\/\/agora.xtec.cat\/ceip-antoni-gaudi\/wp-content\/uploads\/usu683\/2022\/02\/4226FA4C-3BD2-4250-83F1-85302328E134-768x576.jpeg 768w, https:\/\/agora.xtec.cat\/ceip-antoni-gaudi\/wp-content\/uploads\/usu683\/2022\/02\/4226FA4C-3BD2-4250-83F1-85302328E134-200x150.jpeg 200w, https:\/\/agora.xtec.cat\/ceip-antoni-gaudi\/wp-content\/uploads\/usu683\/2022\/02\/4226FA4C-3BD2-4250-83F1-85302328E134.jpeg 959w\" sizes=\"auto, (max-width: 300px) 100vw, 300px\" \/><\/a><\/p>\n<p>&nbsp;<\/p>\n","protected":false},"excerpt":{"rendered":"<p>Aquesta setmana hem comen\u00e7at a treballar el pintor Paul Klee. Hem vist algunes obres seves i hem comen\u00e7at a fer la nostra versi\u00f3 sobre &#8220;castell i sol&#8221; d&#8217;aquest pintor. \ud83d\uddbc\ud83c\udfa8<br \/>\nDurant el segon trimestre seguirem treballant diverses obres d&#8217;aquest artista i veurem quin va ser el&hellip;  <a href=\"https:\/\/agora.xtec.cat\/ceip-antoni-gaudi\/general\/a-4t-treballem-a-paul-klee\/\" title=\"Read A 4t treballem a Paul Klee\">Llegeix m\u00e9s\u00bb<\/a><\/p>\n","protected":false},"author":3,"featured_media":4230,"comment_status":"open","ping_status":"closed","sticky":false,"template":"","format":"standard","meta":{"_bbp_topic_count":0,"_bbp_reply_count":0,"_bbp_total_topic_count":0,"_bbp_total_reply_count":0,"_bbp_voice_count":0,"_bbp_anonymous_reply_count":0,"_bbp_topic_count_hidden":0,"_bbp_reply_count_hidden":0,"_bbp_forum_subforum_count":0,"footnotes":""},"categories":[1,13,4,5],"tags":[],"class_list":["post-4228","post","type-post","status-publish","format-standard","has-post-thumbnail","hentry","category-general","category-p4","category-portada","category-primaria"],"post_mailing_queue_ids":[],"_links":{"self":[{"href":"https:\/\/agora.xtec.cat\/ceip-antoni-gaudi\/wp-json\/wp\/v2\/posts\/4228","targetHints":{"allow":["GET"]}}],"collection":[{"href":"https:\/\/agora.xtec.cat\/ceip-antoni-gaudi\/wp-json\/wp\/v2\/posts"}],"about":[{"href":"https:\/\/agora.xtec.cat\/ceip-antoni-gaudi\/wp-json\/wp\/v2\/types\/post"}],"author":[{"embeddable":true,"href":"https:\/\/agora.xtec.cat\/ceip-antoni-gaudi\/wp-json\/wp\/v2\/users\/3"}],"replies":[{"embeddable":true,"href":"https:\/\/agora.xtec.cat\/ceip-antoni-gaudi\/wp-json\/wp\/v2\/comments?post=4228"}],"version-history":[{"count":2,"href":"https:\/\/agora.xtec.cat\/ceip-antoni-gaudi\/wp-json\/wp\/v2\/posts\/4228\/revisions"}],"predecessor-version":[{"id":4231,"href":"https:\/\/agora.xtec.cat\/ceip-antoni-gaudi\/wp-json\/wp\/v2\/posts\/4228\/revisions\/4231"}],"wp:featuredmedia":[{"embeddable":true,"href":"https:\/\/agora.xtec.cat\/ceip-antoni-gaudi\/wp-json\/wp\/v2\/media\/4230"}],"wp:attachment":[{"href":"https:\/\/agora.xtec.cat\/ceip-antoni-gaudi\/wp-json\/wp\/v2\/media?parent=4228"}],"wp:term":[{"taxonomy":"category","embeddable":true,"href":"https:\/\/agora.xtec.cat\/ceip-antoni-gaudi\/wp-json\/wp\/v2\/categories?post=4228"},{"taxonomy":"post_tag","embeddable":true,"href":"https:\/\/agora.xtec.cat\/ceip-antoni-gaudi\/wp-json\/wp\/v2\/tags?post=4228"}],"curies":[{"name":"wp","href":"https:\/\/api.w.org\/{rel}","templated":true}]}}