{"id":410,"date":"2017-11-24T10:27:57","date_gmt":"2017-11-24T09:27:57","guid":{"rendered":"http:\/\/agora.xtec.cat\/ceip-antoni-gaudi\/?p=410"},"modified":"2017-11-28T13:48:36","modified_gmt":"2017-11-28T12:48:36","slug":"el-ball-de-la-castanya-a-1r","status":"publish","type":"post","link":"https:\/\/agora.xtec.cat\/ceip-antoni-gaudi\/primaria\/p1\/el-ball-de-la-castanya-a-1r\/","title":{"rendered":"La castanyada a M\u00fasica!"},"content":{"rendered":"<h2>Els nens i nenes de Primer hem celebrat la castanyada a la classe de m\u00fasica!<\/h2>\n<h3>Hem apr\u00e8s a ballar el &#8220;Ball de la Castanya&#8221;!!!<\/h3>\n<p><iframe loading=\"lazy\" src=\"https:\/\/www.youtube.com\/embed\/FUPP_7TP634\" width=\"560\" height=\"315\" frameborder=\"0\" allowfullscreen=\"allowfullscreen\"><\/iframe><\/p>\n<p><iframe loading=\"lazy\" src=\"https:\/\/www.youtube.com\/embed\/ZeBJ_R9DzPU\" width=\"560\" height=\"315\" frameborder=\"0\" allowfullscreen=\"allowfullscreen\"><\/iframe><\/p>\n<h3>I tamb\u00e9 hem cantat la can\u00e7\u00f3 &#8220;A la tardor&#8221;! Clica a la imatge per escoltar-la!<\/h3>\n<p><a href=\"https:\/\/youtu.be\/48YTZMHJUgI\" target=\"_blank\" rel=\"noopener noreferrer\"><img loading=\"lazy\" decoding=\"async\" class=\"alignnone wp-image-413\" src=\"http:\/\/agora.xtec.cat\/ceip-antoni-gaudi\/wp-content\/uploads\/usu683\/2017\/11\/3471ecb2513b.jpg\" alt=\"\" width=\"433\" height=\"285\" srcset=\"https:\/\/agora.xtec.cat\/ceip-antoni-gaudi\/wp-content\/uploads\/usu683\/2017\/11\/3471ecb2513b.jpg 640w, https:\/\/agora.xtec.cat\/ceip-antoni-gaudi\/wp-content\/uploads\/usu683\/2017\/11\/3471ecb2513b-300x197.jpg 300w\" sizes=\"auto, (max-width: 433px) 100vw, 433px\" \/><\/a><\/p>\n","protected":false},"excerpt":{"rendered":"<p>Els nens i nenes de Primer hem celebrat la castanyada a la classe de m\u00fasica!<br \/>\nHem apr\u00e8s a ballar el &#8220;Ball de la Castanya&#8221;!!!<\/p>\n<p>I tamb\u00e9 hem cantat la can\u00e7\u00f3 &#8220;A la tardor&#8221;! Clica a la imatge per escoltar-la!<br \/>\n<a href=\"https:\/\/youtu.be\/48YTZMHJUgI\" target=\"_blank\" rel=\"noopener noreferrer\"><\/a><\/p>\n","protected":false},"author":7,"featured_media":474,"comment_status":"open","ping_status":"closed","sticky":false,"template":"","format":"standard","meta":{"_bbp_topic_count":0,"_bbp_reply_count":0,"_bbp_total_topic_count":0,"_bbp_total_reply_count":0,"_bbp_voice_count":0,"_bbp_anonymous_reply_count":0,"_bbp_topic_count_hidden":0,"_bbp_reply_count_hidden":0,"_bbp_forum_subforum_count":0,"footnotes":""},"categories":[55,10],"tags":[67,63,46,64,49,65,52,66],"class_list":["post-410","post","type-post","status-publish","format-standard","has-post-thumbnail","hentry","category-musica","category-p1","tag-canco","tag-castanyada","tag-cicle-inicial","tag-dansa","tag-festes","tag-musica","tag-primer","tag-tardor"],"post_mailing_queue_ids":[],"_links":{"self":[{"href":"https:\/\/agora.xtec.cat\/ceip-antoni-gaudi\/wp-json\/wp\/v2\/posts\/410","targetHints":{"allow":["GET"]}}],"collection":[{"href":"https:\/\/agora.xtec.cat\/ceip-antoni-gaudi\/wp-json\/wp\/v2\/posts"}],"about":[{"href":"https:\/\/agora.xtec.cat\/ceip-antoni-gaudi\/wp-json\/wp\/v2\/types\/post"}],"author":[{"embeddable":true,"href":"https:\/\/agora.xtec.cat\/ceip-antoni-gaudi\/wp-json\/wp\/v2\/users\/7"}],"replies":[{"embeddable":true,"href":"https:\/\/agora.xtec.cat\/ceip-antoni-gaudi\/wp-json\/wp\/v2\/comments?post=410"}],"version-history":[{"count":3,"href":"https:\/\/agora.xtec.cat\/ceip-antoni-gaudi\/wp-json\/wp\/v2\/posts\/410\/revisions"}],"predecessor-version":[{"id":416,"href":"https:\/\/agora.xtec.cat\/ceip-antoni-gaudi\/wp-json\/wp\/v2\/posts\/410\/revisions\/416"}],"wp:featuredmedia":[{"embeddable":true,"href":"https:\/\/agora.xtec.cat\/ceip-antoni-gaudi\/wp-json\/wp\/v2\/media\/474"}],"wp:attachment":[{"href":"https:\/\/agora.xtec.cat\/ceip-antoni-gaudi\/wp-json\/wp\/v2\/media?parent=410"}],"wp:term":[{"taxonomy":"category","embeddable":true,"href":"https:\/\/agora.xtec.cat\/ceip-antoni-gaudi\/wp-json\/wp\/v2\/categories?post=410"},{"taxonomy":"post_tag","embeddable":true,"href":"https:\/\/agora.xtec.cat\/ceip-antoni-gaudi\/wp-json\/wp\/v2\/tags?post=410"}],"curies":[{"name":"wp","href":"https:\/\/api.w.org\/{rel}","templated":true}]}}