{"id":4099,"date":"2021-12-22T13:08:30","date_gmt":"2021-12-22T12:08:30","guid":{"rendered":"https:\/\/agora.xtec.cat\/ceip-antoni-gaudi\/?p=4099"},"modified":"2021-12-22T13:09:28","modified_gmt":"2021-12-22T12:09:28","slug":"fem-cagar-el-tio-2","status":"publish","type":"post","link":"https:\/\/agora.xtec.cat\/ceip-antoni-gaudi\/general\/fem-cagar-el-tio-2\/","title":{"rendered":"FEM CAGAR EL TI\u00d3!"},"content":{"rendered":"<div>\n<p><span lang=\"CA\">Avui ha estat un dia molt especial pels nens i nenes d&#8217;educaci\u00f3 infantil!<span class=\"apple-converted-space\">\u00a0<\/span><strong>HEM FET CAGAR EL TI\u00d3!<\/strong><span class=\"apple-converted-space\">\u00a0<\/span>Est\u00e0vem molt emocionats i nerviosos per\u00f2&#8230; mireu, mireu qu\u00e8 ens ha cagat! Estem molt contents!\u00a0<\/span><\/p>\n<p><a href=\"https:\/\/photos.app.goo.gl\/SoWehwtuLxqdzRS79\"><img loading=\"lazy\" decoding=\"async\" class=\"aligncenter size-full wp-image-4102\" src=\"https:\/\/agora.xtec.cat\/ceip-antoni-gaudi\/wp-content\/uploads\/usu683\/2021\/12\/Captura-de-pantalla-2021-12-22-a-las-12.24.09.png\" alt=\"\" width=\"237\" height=\"299\" \/><\/a><\/p>\n<\/div>\n<div>\n<p><a href=\"https:\/\/photos.app.goo.gl\/6Qf4aKqf93mDdGBD6\"><span lang=\"CA\"><img loading=\"lazy\" decoding=\"async\" class=\"aligncenter size-full wp-image-4101\" src=\"https:\/\/agora.xtec.cat\/ceip-antoni-gaudi\/wp-content\/uploads\/usu683\/2021\/12\/Captura-de-pantalla-2021-12-22-a-las-12.24.26.png\" alt=\"\" width=\"238\" height=\"301\" \/><\/span><\/a><\/p>\n<p><span lang=\"CA\"><a href=\"https:\/\/photos.app.goo.gl\/xEPrC5thiQf1zVEm7\"><img loading=\"lazy\" decoding=\"async\" class=\"aligncenter size-full wp-image-4103\" src=\"https:\/\/agora.xtec.cat\/ceip-antoni-gaudi\/wp-content\/uploads\/usu683\/2021\/12\/Captura-de-pantalla-2021-12-22-a-las-12.23.54.png\" alt=\"\" width=\"236\" height=\"299\" \/><\/a>\u00a0<\/span><\/p>\n<\/div>\n<div>\n<p><span lang=\"CA\">Hem de fer un<strong>\u00a0especial agra\u00efment a les Artesanas del Coraz\u00f3n<\/strong><span class=\"apple-converted-space\">\u00a0per\u00a0<\/span>la seva col\u00b7laboraci\u00f3 en aquest dia tant especial per a tots els nens i nenes!\u00a0<\/span><\/p>\n<p><strong>MOLT BONES FESTES, FAM\u00cdLIES!\u00a0<\/strong><\/p>\n<\/div>\n","protected":false},"excerpt":{"rendered":"<p>Avui ha estat un dia molt especial pels nens i nenes d&#8217;educaci\u00f3 infantil!\u00a0HEM FET CAGAR EL TI\u00d3!\u00a0Est\u00e0vem molt emocionats i nerviosos per\u00f2&#8230; mireu, mireu qu\u00e8 ens ha cagat! Estem molt contents!\u00a0<br \/>\n<a href=\"https:\/\/photos.app.goo.gl\/SoWehwtuLxqdzRS79\"><\/a><\/p>\n<p><a href=\"https:\/\/photos.app.goo.gl\/6Qf4aKqf93mDdGBD6\"><\/a><br \/>\n<a href=\"https:\/\/photos.app.goo.gl\/xEPrC5thiQf1zVEm7\"><\/a>\u00a0<\/p>\n<p>Hem de fer un\u00a0especial agra\u00efment a les Artesanas del Coraz\u00f3n\u00a0per\u00a0la seva col\u00b7laboraci\u00f3&hellip;  <a href=\"https:\/\/agora.xtec.cat\/ceip-antoni-gaudi\/general\/fem-cagar-el-tio-2\/\" title=\"Read FEM CAGAR EL TI\u00d3!\">Llegeix m\u00e9s\u00bb<\/a><\/p>\n","protected":false},"author":6,"featured_media":516,"comment_status":"open","ping_status":"closed","sticky":false,"template":"","format":"standard","meta":{"_bbp_topic_count":0,"_bbp_reply_count":0,"_bbp_total_topic_count":0,"_bbp_total_reply_count":0,"_bbp_voice_count":0,"_bbp_anonymous_reply_count":0,"_bbp_topic_count_hidden":0,"_bbp_reply_count_hidden":0,"_bbp_forum_subforum_count":0,"footnotes":""},"categories":[1,3,8,9,2,4],"tags":[],"class_list":["post-4099","post","type-post","status-publish","format-standard","has-post-thumbnail","hentry","category-general","category-i3","category-i4","category-i5","category-infantil","category-portada"],"post_mailing_queue_ids":[],"_links":{"self":[{"href":"https:\/\/agora.xtec.cat\/ceip-antoni-gaudi\/wp-json\/wp\/v2\/posts\/4099","targetHints":{"allow":["GET"]}}],"collection":[{"href":"https:\/\/agora.xtec.cat\/ceip-antoni-gaudi\/wp-json\/wp\/v2\/posts"}],"about":[{"href":"https:\/\/agora.xtec.cat\/ceip-antoni-gaudi\/wp-json\/wp\/v2\/types\/post"}],"author":[{"embeddable":true,"href":"https:\/\/agora.xtec.cat\/ceip-antoni-gaudi\/wp-json\/wp\/v2\/users\/6"}],"replies":[{"embeddable":true,"href":"https:\/\/agora.xtec.cat\/ceip-antoni-gaudi\/wp-json\/wp\/v2\/comments?post=4099"}],"version-history":[{"count":3,"href":"https:\/\/agora.xtec.cat\/ceip-antoni-gaudi\/wp-json\/wp\/v2\/posts\/4099\/revisions"}],"predecessor-version":[{"id":4105,"href":"https:\/\/agora.xtec.cat\/ceip-antoni-gaudi\/wp-json\/wp\/v2\/posts\/4099\/revisions\/4105"}],"wp:featuredmedia":[{"embeddable":true,"href":"https:\/\/agora.xtec.cat\/ceip-antoni-gaudi\/wp-json\/wp\/v2\/media\/516"}],"wp:attachment":[{"href":"https:\/\/agora.xtec.cat\/ceip-antoni-gaudi\/wp-json\/wp\/v2\/media?parent=4099"}],"wp:term":[{"taxonomy":"category","embeddable":true,"href":"https:\/\/agora.xtec.cat\/ceip-antoni-gaudi\/wp-json\/wp\/v2\/categories?post=4099"},{"taxonomy":"post_tag","embeddable":true,"href":"https:\/\/agora.xtec.cat\/ceip-antoni-gaudi\/wp-json\/wp\/v2\/tags?post=4099"}],"curies":[{"name":"wp","href":"https:\/\/api.w.org\/{rel}","templated":true}]}}