{"id":4083,"date":"2021-12-21T10:57:16","date_gmt":"2021-12-21T09:57:16","guid":{"rendered":"https:\/\/agora.xtec.cat\/ceip-antoni-gaudi\/?p=4083"},"modified":"2021-12-21T10:57:25","modified_gmt":"2021-12-21T09:57:25","slug":"concert-de-nadal-de-1r","status":"publish","type":"post","link":"https:\/\/agora.xtec.cat\/ceip-antoni-gaudi\/general\/concert-de-nadal-de-1r\/","title":{"rendered":"Concert de Nadal de 1r"},"content":{"rendered":"<p><span style=\"font-family: Verdana, sans-serif;\"><span style=\"font-size: medium;\">El dimecres 15 de desembre el grup dels Mitjans vam celebrar el Concert de Nadal al Mont\u00e0gora. La nostra classe, Cavall Bernat, vam cantar les Nadales \u00abAmb la llum del fanalet\u00bb i \u00abUna estrella jo far\u00e9\u00bb i la can\u00e7\u00f3 en angl\u00e8s \u00abSanta\u00bb. Tamb\u00e9 vam recitar el poema \u00abEl caganer\u00bb acompanyats de m\u00fasica de fons. Ho vam fer molt b\u00e9 i ens vam divertir molt!<\/span><\/span><\/p>\n<p><a href=\"https:\/\/photos.app.goo.gl\/tz7vUMEbPV8pqX8e9\"><img loading=\"lazy\" decoding=\"async\" class=\"aligncenter size-medium wp-image-4084\" src=\"https:\/\/agora.xtec.cat\/ceip-antoni-gaudi\/wp-content\/uploads\/usu683\/2021\/12\/foto25-300x259.jpeg\" alt=\"\" width=\"300\" height=\"259\" srcset=\"https:\/\/agora.xtec.cat\/ceip-antoni-gaudi\/wp-content\/uploads\/usu683\/2021\/12\/foto25-300x259.jpeg 300w, https:\/\/agora.xtec.cat\/ceip-antoni-gaudi\/wp-content\/uploads\/usu683\/2021\/12\/foto25-1024x884.jpeg 1024w, https:\/\/agora.xtec.cat\/ceip-antoni-gaudi\/wp-content\/uploads\/usu683\/2021\/12\/foto25-768x663.jpeg 768w, https:\/\/agora.xtec.cat\/ceip-antoni-gaudi\/wp-content\/uploads\/usu683\/2021\/12\/foto25-1536x1326.jpeg 1536w, https:\/\/agora.xtec.cat\/ceip-antoni-gaudi\/wp-content\/uploads\/usu683\/2021\/12\/foto25.jpeg 1753w\" sizes=\"auto, (max-width: 300px) 100vw, 300px\" \/><\/a><\/p>\n","protected":false},"excerpt":{"rendered":"<p>El dimecres 15 de desembre el grup dels Mitjans vam celebrar el Concert de Nadal al Mont\u00e0gora. La nostra classe, Cavall Bernat, vam cantar les Nadales \u00abAmb la llum del fanalet\u00bb i \u00abUna estrella jo far\u00e9\u00bb i la can\u00e7\u00f3 en angl\u00e8s \u00abSanta\u00bb. Tamb\u00e9 vam recitar&hellip;  <a href=\"https:\/\/agora.xtec.cat\/ceip-antoni-gaudi\/general\/concert-de-nadal-de-1r\/\" title=\"Read Concert de Nadal de 1r\">Llegeix m\u00e9s\u00bb<\/a><\/p>\n","protected":false},"author":4,"featured_media":0,"comment_status":"open","ping_status":"closed","sticky":false,"template":"","format":"standard","meta":{"_bbp_topic_count":0,"_bbp_reply_count":0,"_bbp_total_topic_count":0,"_bbp_total_reply_count":0,"_bbp_voice_count":0,"_bbp_anonymous_reply_count":0,"_bbp_topic_count_hidden":0,"_bbp_reply_count_hidden":0,"_bbp_forum_subforum_count":0,"footnotes":""},"categories":[1,10,4],"tags":[],"class_list":["post-4083","post","type-post","status-publish","format-standard","hentry","category-general","category-p1","category-portada"],"post_mailing_queue_ids":[],"_links":{"self":[{"href":"https:\/\/agora.xtec.cat\/ceip-antoni-gaudi\/wp-json\/wp\/v2\/posts\/4083","targetHints":{"allow":["GET"]}}],"collection":[{"href":"https:\/\/agora.xtec.cat\/ceip-antoni-gaudi\/wp-json\/wp\/v2\/posts"}],"about":[{"href":"https:\/\/agora.xtec.cat\/ceip-antoni-gaudi\/wp-json\/wp\/v2\/types\/post"}],"author":[{"embeddable":true,"href":"https:\/\/agora.xtec.cat\/ceip-antoni-gaudi\/wp-json\/wp\/v2\/users\/4"}],"replies":[{"embeddable":true,"href":"https:\/\/agora.xtec.cat\/ceip-antoni-gaudi\/wp-json\/wp\/v2\/comments?post=4083"}],"version-history":[{"count":1,"href":"https:\/\/agora.xtec.cat\/ceip-antoni-gaudi\/wp-json\/wp\/v2\/posts\/4083\/revisions"}],"predecessor-version":[{"id":4085,"href":"https:\/\/agora.xtec.cat\/ceip-antoni-gaudi\/wp-json\/wp\/v2\/posts\/4083\/revisions\/4085"}],"wp:attachment":[{"href":"https:\/\/agora.xtec.cat\/ceip-antoni-gaudi\/wp-json\/wp\/v2\/media?parent=4083"}],"wp:term":[{"taxonomy":"category","embeddable":true,"href":"https:\/\/agora.xtec.cat\/ceip-antoni-gaudi\/wp-json\/wp\/v2\/categories?post=4083"},{"taxonomy":"post_tag","embeddable":true,"href":"https:\/\/agora.xtec.cat\/ceip-antoni-gaudi\/wp-json\/wp\/v2\/tags?post=4083"}],"curies":[{"name":"wp","href":"https:\/\/api.w.org\/{rel}","templated":true}]}}