{"id":4060,"date":"2021-12-17T10:11:54","date_gmt":"2021-12-17T09:11:54","guid":{"rendered":"https:\/\/agora.xtec.cat\/ceip-antoni-gaudi\/?p=4060"},"modified":"2021-12-17T10:13:16","modified_gmt":"2021-12-17T09:13:16","slug":"concert-de-nadal-5e","status":"publish","type":"post","link":"https:\/\/agora.xtec.cat\/ceip-antoni-gaudi\/general\/concert-de-nadal-5e\/","title":{"rendered":"Concert de NADAL 5\u00e8"},"content":{"rendered":"<p>El dimarts va ser el concert de <span style=\"color: #ff0000;\"><strong>N<span style=\"color: #008000;\">A<\/span>D<span style=\"color: #008000;\">A<\/span>L<\/strong><\/span> dels GRANS de l&#8217;escola. Les i els alumnes de 5\u00e8 van llegir uns poemes que van fer a castell\u00e0, van cantar dues can\u00e7ons en catal\u00e0 i una en angl\u00e8s. Va ser tot un \u00e8xit! \ud83c\udfa4\ud83c\udfb6\ud83c\udfb9\ud83c\udf84\ud83c\udf1f<\/p>\n<p>Cliqueu la imatge per veure totes les fotos. \ud83d\udcf8\u2935<\/p>\n<p><a href=\"https:\/\/photos.app.goo.gl\/iiYWYSQoWKQMCC2y8\"><img loading=\"lazy\" decoding=\"async\" class=\"alignnone size-medium wp-image-4061\" src=\"https:\/\/agora.xtec.cat\/ceip-antoni-gaudi\/wp-content\/uploads\/usu683\/2021\/12\/IMG_1216-300x225.jpg\" alt=\"\" width=\"300\" height=\"225\" srcset=\"https:\/\/agora.xtec.cat\/ceip-antoni-gaudi\/wp-content\/uploads\/usu683\/2021\/12\/IMG_1216-300x225.jpg 300w, https:\/\/agora.xtec.cat\/ceip-antoni-gaudi\/wp-content\/uploads\/usu683\/2021\/12\/IMG_1216-1024x768.jpg 1024w, https:\/\/agora.xtec.cat\/ceip-antoni-gaudi\/wp-content\/uploads\/usu683\/2021\/12\/IMG_1216-768x576.jpg 768w, https:\/\/agora.xtec.cat\/ceip-antoni-gaudi\/wp-content\/uploads\/usu683\/2021\/12\/IMG_1216-1536x1152.jpg 1536w, https:\/\/agora.xtec.cat\/ceip-antoni-gaudi\/wp-content\/uploads\/usu683\/2021\/12\/IMG_1216-2048x1536.jpg 2048w, https:\/\/agora.xtec.cat\/ceip-antoni-gaudi\/wp-content\/uploads\/usu683\/2021\/12\/IMG_1216-200x150.jpg 200w\" sizes=\"auto, (max-width: 300px) 100vw, 300px\" \/><\/a><\/p>\n","protected":false},"excerpt":{"rendered":"<p>El dimarts va ser el concert de NADAL dels GRANS de l&#8217;escola. Les i els alumnes de 5\u00e8 van llegir uns poemes que van fer a castell\u00e0, van cantar dues can\u00e7ons en catal\u00e0 i una en angl\u00e8s. Va ser tot un \u00e8xit! \ud83c\udfa4\ud83c\udfb6\ud83c\udfb9\ud83c\udf84\ud83c\udf1f<br \/>\nCliqueu la imatge&hellip;  <a href=\"https:\/\/agora.xtec.cat\/ceip-antoni-gaudi\/general\/concert-de-nadal-5e\/\" title=\"Read Concert de NADAL 5\u00e8\">Llegeix m\u00e9s\u00bb<\/a><\/p>\n","protected":false},"author":5,"featured_media":4061,"comment_status":"open","ping_status":"closed","sticky":false,"template":"","format":"standard","meta":{"_bbp_topic_count":0,"_bbp_reply_count":0,"_bbp_total_topic_count":0,"_bbp_total_reply_count":0,"_bbp_voice_count":0,"_bbp_anonymous_reply_count":0,"_bbp_topic_count_hidden":0,"_bbp_reply_count_hidden":0,"_bbp_forum_subforum_count":0,"footnotes":""},"categories":[1,14,4,229,5],"tags":[],"class_list":["post-4060","post","type-post","status-publish","format-standard","has-post-thumbnail","hentry","category-general","category-p5","category-portada","category-portada-portada","category-primaria"],"post_mailing_queue_ids":[],"_links":{"self":[{"href":"https:\/\/agora.xtec.cat\/ceip-antoni-gaudi\/wp-json\/wp\/v2\/posts\/4060","targetHints":{"allow":["GET"]}}],"collection":[{"href":"https:\/\/agora.xtec.cat\/ceip-antoni-gaudi\/wp-json\/wp\/v2\/posts"}],"about":[{"href":"https:\/\/agora.xtec.cat\/ceip-antoni-gaudi\/wp-json\/wp\/v2\/types\/post"}],"author":[{"embeddable":true,"href":"https:\/\/agora.xtec.cat\/ceip-antoni-gaudi\/wp-json\/wp\/v2\/users\/5"}],"replies":[{"embeddable":true,"href":"https:\/\/agora.xtec.cat\/ceip-antoni-gaudi\/wp-json\/wp\/v2\/comments?post=4060"}],"version-history":[{"count":2,"href":"https:\/\/agora.xtec.cat\/ceip-antoni-gaudi\/wp-json\/wp\/v2\/posts\/4060\/revisions"}],"predecessor-version":[{"id":4063,"href":"https:\/\/agora.xtec.cat\/ceip-antoni-gaudi\/wp-json\/wp\/v2\/posts\/4060\/revisions\/4063"}],"wp:featuredmedia":[{"embeddable":true,"href":"https:\/\/agora.xtec.cat\/ceip-antoni-gaudi\/wp-json\/wp\/v2\/media\/4061"}],"wp:attachment":[{"href":"https:\/\/agora.xtec.cat\/ceip-antoni-gaudi\/wp-json\/wp\/v2\/media?parent=4060"}],"wp:term":[{"taxonomy":"category","embeddable":true,"href":"https:\/\/agora.xtec.cat\/ceip-antoni-gaudi\/wp-json\/wp\/v2\/categories?post=4060"},{"taxonomy":"post_tag","embeddable":true,"href":"https:\/\/agora.xtec.cat\/ceip-antoni-gaudi\/wp-json\/wp\/v2\/tags?post=4060"}],"curies":[{"name":"wp","href":"https:\/\/api.w.org\/{rel}","templated":true}]}}