{"id":4055,"date":"2021-12-17T09:26:46","date_gmt":"2021-12-17T08:26:46","guid":{"rendered":"https:\/\/agora.xtec.cat\/ceip-antoni-gaudi\/?p=4055"},"modified":"2021-12-17T09:26:46","modified_gmt":"2021-12-17T08:26:46","slug":"concert-de-nadal-6e","status":"publish","type":"post","link":"https:\/\/agora.xtec.cat\/ceip-antoni-gaudi\/general\/concert-de-nadal-6e\/","title":{"rendered":"CONCERT DE NADAL 6\u00e8"},"content":{"rendered":"<p>El passat dimarts els m\u00e9s grans de l&#8217;escola, els nens i les nenes de 6\u00e8, van fer el <strong>concert<\/strong> de <strong><span style=\"color: #ff0000;\">N<\/span><span style=\"color: #339966;\">A<\/span><span style=\"color: #ff0000;\">D<\/span><span style=\"color: #339966;\">A<\/span><span style=\"color: #ff0000;\">L<\/span><\/strong> ! Despr\u00e9s de molta preparaci\u00f3 i esfor\u00e7 van gaudir molt cantant, a m\u00e9s va ser molt bonic tenir a les fam\u00edlies una vegada m\u00e9s com a p\u00fablic.<\/p>\n<p>Cliqueu la imatge per veure m\u00e9s, tamb\u00e9 trobareu v\u00eddeos.<\/p>\n<p><a href=\"https:\/\/photos.app.goo.gl\/yghEPtUS1KEixfE47\"><span style=\"color: #ff0000;\"><img loading=\"lazy\" decoding=\"async\" class=\"\" src=\"https:\/\/agora.xtec.cat\/ceip-antoni-gaudi\/wp-content\/uploads\/usu683\/2021\/12\/1639609456826.jpg\" width=\"439\" height=\"329\" \/><\/span><\/a><\/p>\n<p>&nbsp;<\/p>\n<p>&nbsp;<\/p>\n<p>&nbsp;<\/p>\n<p>&nbsp;<\/p>\n","protected":false},"excerpt":{"rendered":"<p>El passat dimarts els m\u00e9s grans de l&#8217;escola, els nens i les nenes de 6\u00e8, van fer el concert de NADAL ! Despr\u00e9s de molta preparaci\u00f3 i esfor\u00e7 van gaudir molt cantant, a m\u00e9s va ser molt bonic tenir a les fam\u00edlies una vegada m\u00e9s&hellip;  <a href=\"https:\/\/agora.xtec.cat\/ceip-antoni-gaudi\/general\/concert-de-nadal-6e\/\" title=\"Read CONCERT DE NADAL 6\u00e8\">Llegeix m\u00e9s\u00bb<\/a><\/p>\n","protected":false},"author":5,"featured_media":4056,"comment_status":"open","ping_status":"closed","sticky":false,"template":"","format":"standard","meta":{"_bbp_topic_count":0,"_bbp_reply_count":0,"_bbp_total_topic_count":0,"_bbp_total_reply_count":0,"_bbp_voice_count":0,"_bbp_anonymous_reply_count":0,"_bbp_topic_count_hidden":0,"_bbp_reply_count_hidden":0,"_bbp_forum_subforum_count":0,"footnotes":""},"categories":[1,15,4,229,5],"tags":[],"class_list":["post-4055","post","type-post","status-publish","format-standard","has-post-thumbnail","hentry","category-general","category-p6","category-portada","category-portada-portada","category-primaria"],"post_mailing_queue_ids":[],"_links":{"self":[{"href":"https:\/\/agora.xtec.cat\/ceip-antoni-gaudi\/wp-json\/wp\/v2\/posts\/4055","targetHints":{"allow":["GET"]}}],"collection":[{"href":"https:\/\/agora.xtec.cat\/ceip-antoni-gaudi\/wp-json\/wp\/v2\/posts"}],"about":[{"href":"https:\/\/agora.xtec.cat\/ceip-antoni-gaudi\/wp-json\/wp\/v2\/types\/post"}],"author":[{"embeddable":true,"href":"https:\/\/agora.xtec.cat\/ceip-antoni-gaudi\/wp-json\/wp\/v2\/users\/5"}],"replies":[{"embeddable":true,"href":"https:\/\/agora.xtec.cat\/ceip-antoni-gaudi\/wp-json\/wp\/v2\/comments?post=4055"}],"version-history":[{"count":3,"href":"https:\/\/agora.xtec.cat\/ceip-antoni-gaudi\/wp-json\/wp\/v2\/posts\/4055\/revisions"}],"predecessor-version":[{"id":4059,"href":"https:\/\/agora.xtec.cat\/ceip-antoni-gaudi\/wp-json\/wp\/v2\/posts\/4055\/revisions\/4059"}],"wp:featuredmedia":[{"embeddable":true,"href":"https:\/\/agora.xtec.cat\/ceip-antoni-gaudi\/wp-json\/wp\/v2\/media\/4056"}],"wp:attachment":[{"href":"https:\/\/agora.xtec.cat\/ceip-antoni-gaudi\/wp-json\/wp\/v2\/media?parent=4055"}],"wp:term":[{"taxonomy":"category","embeddable":true,"href":"https:\/\/agora.xtec.cat\/ceip-antoni-gaudi\/wp-json\/wp\/v2\/categories?post=4055"},{"taxonomy":"post_tag","embeddable":true,"href":"https:\/\/agora.xtec.cat\/ceip-antoni-gaudi\/wp-json\/wp\/v2\/tags?post=4055"}],"curies":[{"name":"wp","href":"https:\/\/api.w.org\/{rel}","templated":true}]}}