{"id":4015,"date":"2021-12-02T11:42:09","date_gmt":"2021-12-02T10:42:09","guid":{"rendered":"https:\/\/agora.xtec.cat\/ceip-antoni-gaudi\/?p=4015"},"modified":"2021-12-02T11:42:09","modified_gmt":"2021-12-02T10:42:09","slug":"a-p5-practiquem-lescalada","status":"publish","type":"post","link":"https:\/\/agora.xtec.cat\/ceip-antoni-gaudi\/general\/a-p5-practiquem-lescalada\/","title":{"rendered":"A P5 PRACTIQUEM L&#8217;ESCALADA"},"content":{"rendered":"<p style=\"text-align: justify;\">Els nens i nenes dels ping\u00fcins i els ossos polars dijous passat vam anar al <strong><span style=\"color: #339966;\">roc\u00f2drom d&#8217;Igualada<\/span><\/strong>: <span style=\"color: #0000ff;\"><span style=\"color: #000000;\">l&#8217;<\/span><strong>I<span style=\"color: #ff6600;\">N<\/span><span style=\"color: #008000;\">G<\/span><span style=\"color: #ff00ff;\">R<\/span><span style=\"color: #00ccff;\">A<\/span><span style=\"color: #7700ff;\">V<\/span><span style=\"color: #ffcc00;\">I<\/span><span style=\"color: #ff0000;\">T<\/span><span style=\"color: #4dc44d;\">A<\/span><\/strong><span style=\"color: #000000;\">.<\/span><\/span> All\u00e0 ens esperaven dos monitors experts per iniciar-nos en el m\u00f3n de l&#8217;escalada, un esport adaptat a tots els nivells.<\/p>\n<p style=\"text-align: justify;\">Tamb\u00e9 vam esmorzar al <strong><span style=\"color: #4dc44d;\">Parc<\/span><\/strong><span style=\"color: #4dc44d;\"> de l&#8217;<\/span><strong><span style=\"color: #4dc44d;\">Estaci\u00f3<\/span><\/strong> <span style=\"color: #4dc44d;\"><strong>Vella<\/strong><\/span> i mentre esper\u00e0vem a l&#8217;altre grup ens ho vam passar d&#8217;all\u00f2 m\u00e9s b\u00e9 jugant amb els nostres companys en un espai diferent.<\/p>\n<p>A continuaci\u00f3 us deixem el recull d&#8217;imatges!<\/p>\n<p><a href=\"https:\/\/photos.app.goo.gl\/iCmkqtR2tdeQqN999\"><img loading=\"lazy\" decoding=\"async\" class=\"aligncenter  wp-image-4016\" src=\"https:\/\/agora.xtec.cat\/ceip-antoni-gaudi\/wp-content\/uploads\/usu683\/2021\/12\/Sense-titol.jpg\" alt=\"\" width=\"361\" height=\"259\" srcset=\"https:\/\/agora.xtec.cat\/ceip-antoni-gaudi\/wp-content\/uploads\/usu683\/2021\/12\/Sense-titol.jpg 1987w, https:\/\/agora.xtec.cat\/ceip-antoni-gaudi\/wp-content\/uploads\/usu683\/2021\/12\/Sense-titol-300x215.jpg 300w, https:\/\/agora.xtec.cat\/ceip-antoni-gaudi\/wp-content\/uploads\/usu683\/2021\/12\/Sense-titol-1024x734.jpg 1024w, https:\/\/agora.xtec.cat\/ceip-antoni-gaudi\/wp-content\/uploads\/usu683\/2021\/12\/Sense-titol-768x551.jpg 768w, https:\/\/agora.xtec.cat\/ceip-antoni-gaudi\/wp-content\/uploads\/usu683\/2021\/12\/Sense-titol-1536x1102.jpg 1536w\" sizes=\"auto, (max-width: 361px) 100vw, 361px\" \/><\/a><\/p>\n","protected":false},"excerpt":{"rendered":"<p>Els nens i nenes dels ping\u00fcins i els ossos polars dijous passat vam anar al roc\u00f2drom d&#8217;Igualada: l&#8217;INGRAVITA. All\u00e0 ens esperaven dos monitors experts per iniciar-nos en el m\u00f3n de l&#8217;escalada, un esport adaptat a tots els nivells.<br \/>\nTamb\u00e9 vam esmorzar al Parc de l&#8217;Estaci\u00f3 Vella&hellip;  <a href=\"https:\/\/agora.xtec.cat\/ceip-antoni-gaudi\/general\/a-p5-practiquem-lescalada\/\" title=\"Read A P5 PRACTIQUEM L&#8217;ESCALADA\">Llegeix m\u00e9s\u00bb<\/a><\/p>\n","protected":false},"author":6,"featured_media":516,"comment_status":"open","ping_status":"closed","sticky":false,"template":"","format":"standard","meta":{"_bbp_topic_count":0,"_bbp_reply_count":0,"_bbp_total_topic_count":0,"_bbp_total_reply_count":0,"_bbp_voice_count":0,"_bbp_anonymous_reply_count":0,"_bbp_topic_count_hidden":0,"_bbp_reply_count_hidden":0,"_bbp_forum_subforum_count":0,"footnotes":""},"categories":[1,9,2,4],"tags":[],"class_list":["post-4015","post","type-post","status-publish","format-standard","has-post-thumbnail","hentry","category-general","category-i5","category-infantil","category-portada"],"post_mailing_queue_ids":[],"_links":{"self":[{"href":"https:\/\/agora.xtec.cat\/ceip-antoni-gaudi\/wp-json\/wp\/v2\/posts\/4015","targetHints":{"allow":["GET"]}}],"collection":[{"href":"https:\/\/agora.xtec.cat\/ceip-antoni-gaudi\/wp-json\/wp\/v2\/posts"}],"about":[{"href":"https:\/\/agora.xtec.cat\/ceip-antoni-gaudi\/wp-json\/wp\/v2\/types\/post"}],"author":[{"embeddable":true,"href":"https:\/\/agora.xtec.cat\/ceip-antoni-gaudi\/wp-json\/wp\/v2\/users\/6"}],"replies":[{"embeddable":true,"href":"https:\/\/agora.xtec.cat\/ceip-antoni-gaudi\/wp-json\/wp\/v2\/comments?post=4015"}],"version-history":[{"count":1,"href":"https:\/\/agora.xtec.cat\/ceip-antoni-gaudi\/wp-json\/wp\/v2\/posts\/4015\/revisions"}],"predecessor-version":[{"id":4017,"href":"https:\/\/agora.xtec.cat\/ceip-antoni-gaudi\/wp-json\/wp\/v2\/posts\/4015\/revisions\/4017"}],"wp:featuredmedia":[{"embeddable":true,"href":"https:\/\/agora.xtec.cat\/ceip-antoni-gaudi\/wp-json\/wp\/v2\/media\/516"}],"wp:attachment":[{"href":"https:\/\/agora.xtec.cat\/ceip-antoni-gaudi\/wp-json\/wp\/v2\/media?parent=4015"}],"wp:term":[{"taxonomy":"category","embeddable":true,"href":"https:\/\/agora.xtec.cat\/ceip-antoni-gaudi\/wp-json\/wp\/v2\/categories?post=4015"},{"taxonomy":"post_tag","embeddable":true,"href":"https:\/\/agora.xtec.cat\/ceip-antoni-gaudi\/wp-json\/wp\/v2\/tags?post=4015"}],"curies":[{"name":"wp","href":"https:\/\/api.w.org\/{rel}","templated":true}]}}