{"id":4001,"date":"2021-11-26T10:31:07","date_gmt":"2021-11-26T09:31:07","guid":{"rendered":"https:\/\/agora.xtec.cat\/ceip-antoni-gaudi\/?p=4001"},"modified":"2021-11-26T10:34:28","modified_gmt":"2021-11-26T09:34:28","slug":"programem-a-informatica-5e","status":"publish","type":"post","link":"https:\/\/agora.xtec.cat\/ceip-antoni-gaudi\/general\/programem-a-informatica-5e\/","title":{"rendered":"Programem a Inform\u00e0tica &#8211; 5\u00e8"},"content":{"rendered":"<p>A Inform\u00e0tica l&#8217;alumnat de 5\u00e8 est\u00e0 aprenent a programar amb <a href=\"https:\/\/scratch.mit.edu\/\">l&#8217;<span style=\"color: #ff9900;\"><strong>Scratch<\/strong><\/span><\/a>\u00a0\ud83d\udc69\u200d\ud83d\udcbb\ud83e\uddd1\u200d\ud83d\udcbb\ud83d\udc68\u200d\ud83d\udcbb<\/p>\n<p>Cliqueu la imatge per veure les fotos \ud83d\udcf7\u2935<\/p>\n<p><a href=\"https:\/\/photos.app.goo.gl\/w9RLETXTaGmNrQf28\"><img loading=\"lazy\" decoding=\"async\" class=\"alignnone size-medium wp-image-4002\" src=\"https:\/\/agora.xtec.cat\/ceip-antoni-gaudi\/wp-content\/uploads\/usu683\/2021\/11\/IMG_1065-300x225.jpg\" alt=\"\" width=\"300\" height=\"225\" srcset=\"https:\/\/agora.xtec.cat\/ceip-antoni-gaudi\/wp-content\/uploads\/usu683\/2021\/11\/IMG_1065-300x225.jpg 300w, https:\/\/agora.xtec.cat\/ceip-antoni-gaudi\/wp-content\/uploads\/usu683\/2021\/11\/IMG_1065-1024x768.jpg 1024w, https:\/\/agora.xtec.cat\/ceip-antoni-gaudi\/wp-content\/uploads\/usu683\/2021\/11\/IMG_1065-768x576.jpg 768w, https:\/\/agora.xtec.cat\/ceip-antoni-gaudi\/wp-content\/uploads\/usu683\/2021\/11\/IMG_1065-1536x1152.jpg 1536w, https:\/\/agora.xtec.cat\/ceip-antoni-gaudi\/wp-content\/uploads\/usu683\/2021\/11\/IMG_1065-2048x1536.jpg 2048w, https:\/\/agora.xtec.cat\/ceip-antoni-gaudi\/wp-content\/uploads\/usu683\/2021\/11\/IMG_1065-200x150.jpg 200w\" sizes=\"auto, (max-width: 300px) 100vw, 300px\" \/><\/a><\/p>\n","protected":false},"excerpt":{"rendered":"<p>A Inform\u00e0tica l&#8217;alumnat de 5\u00e8 est\u00e0 aprenent a programar amb <a href=\"https:\/\/scratch.mit.edu\/\">l&#8217;Scratch<\/a>\u00a0\ud83d\udc69\u200d\ud83d\udcbb\ud83e\uddd1\u200d\ud83d\udcbb\ud83d\udc68\u200d\ud83d\udcbb<br \/>\nCliqueu la imatge per veure les fotos \ud83d\udcf7\u2935<br \/>\n<a href=\"https:\/\/photos.app.goo.gl\/w9RLETXTaGmNrQf28\"><\/a><\/p>\n","protected":false},"author":5,"featured_media":4002,"comment_status":"open","ping_status":"closed","sticky":false,"template":"","format":"standard","meta":{"_bbp_topic_count":0,"_bbp_reply_count":0,"_bbp_total_topic_count":0,"_bbp_total_reply_count":0,"_bbp_voice_count":0,"_bbp_anonymous_reply_count":0,"_bbp_topic_count_hidden":0,"_bbp_reply_count_hidden":0,"_bbp_forum_subforum_count":0,"footnotes":""},"categories":[1,14,4,229,5],"tags":[],"class_list":["post-4001","post","type-post","status-publish","format-standard","has-post-thumbnail","hentry","category-general","category-p5","category-portada","category-portada-portada","category-primaria"],"post_mailing_queue_ids":[],"_links":{"self":[{"href":"https:\/\/agora.xtec.cat\/ceip-antoni-gaudi\/wp-json\/wp\/v2\/posts\/4001","targetHints":{"allow":["GET"]}}],"collection":[{"href":"https:\/\/agora.xtec.cat\/ceip-antoni-gaudi\/wp-json\/wp\/v2\/posts"}],"about":[{"href":"https:\/\/agora.xtec.cat\/ceip-antoni-gaudi\/wp-json\/wp\/v2\/types\/post"}],"author":[{"embeddable":true,"href":"https:\/\/agora.xtec.cat\/ceip-antoni-gaudi\/wp-json\/wp\/v2\/users\/5"}],"replies":[{"embeddable":true,"href":"https:\/\/agora.xtec.cat\/ceip-antoni-gaudi\/wp-json\/wp\/v2\/comments?post=4001"}],"version-history":[{"count":2,"href":"https:\/\/agora.xtec.cat\/ceip-antoni-gaudi\/wp-json\/wp\/v2\/posts\/4001\/revisions"}],"predecessor-version":[{"id":4004,"href":"https:\/\/agora.xtec.cat\/ceip-antoni-gaudi\/wp-json\/wp\/v2\/posts\/4001\/revisions\/4004"}],"wp:featuredmedia":[{"embeddable":true,"href":"https:\/\/agora.xtec.cat\/ceip-antoni-gaudi\/wp-json\/wp\/v2\/media\/4002"}],"wp:attachment":[{"href":"https:\/\/agora.xtec.cat\/ceip-antoni-gaudi\/wp-json\/wp\/v2\/media?parent=4001"}],"wp:term":[{"taxonomy":"category","embeddable":true,"href":"https:\/\/agora.xtec.cat\/ceip-antoni-gaudi\/wp-json\/wp\/v2\/categories?post=4001"},{"taxonomy":"post_tag","embeddable":true,"href":"https:\/\/agora.xtec.cat\/ceip-antoni-gaudi\/wp-json\/wp\/v2\/tags?post=4001"}],"curies":[{"name":"wp","href":"https:\/\/api.w.org\/{rel}","templated":true}]}}