{"id":3990,"date":"2021-11-25T14:00:14","date_gmt":"2021-11-25T13:00:14","guid":{"rendered":"https:\/\/agora.xtec.cat\/ceip-antoni-gaudi\/?p=3990"},"modified":"2021-11-25T14:00:14","modified_gmt":"2021-11-25T13:00:14","slug":"les-granotes-plantem-calendules","status":"publish","type":"post","link":"https:\/\/agora.xtec.cat\/ceip-antoni-gaudi\/general\/les-granotes-plantem-calendules\/","title":{"rendered":"LES GRANOTES PLANTEM CAL\u00c8NDULES!"},"content":{"rendered":"<p>Els nens i nenes de la classe de les <strong><span style=\"color: #008080;\">granotes<\/span><\/strong>, fa uns dies, vam tenir la sort de con\u00e8ixer qu\u00e8 era la <strong><span style=\"color: #ff6600;\">cal\u00e8ndula!<\/span><\/strong> Vam aprendre que les plantes necessiten\u00a0<span style=\"color: #0000ff;\"><strong>aigua<\/strong>,<\/span> <strong><span style=\"color: #333333;\">terra<\/span> <\/strong>i<strong><span style=\"color: #ff9900;\"> sol<\/span><\/strong> per a cr\u00e8ixer i com les hem de cuidar!<br \/>\nA m\u00e9s, vam plantar-ne una per a cada granota i vam decorar el test! Ens va agradar molt\u00edssim! Aquesta setmana ja hem pogut portar la nostra cal\u00e8ndula cap a casa!<\/p>\n<p>Mireu com ho vam fer en el recull de fotos que, a continuaci\u00f3, us oferim!<\/p>\n<p><a href=\"https:\/\/photos.app.goo.gl\/CULecMaPocb6Knnj8\"><img loading=\"lazy\" decoding=\"async\" class=\"aligncenter wp-image-3991 size-medium\" src=\"https:\/\/agora.xtec.cat\/ceip-antoni-gaudi\/wp-content\/uploads\/usu683\/2021\/11\/Captura-de-pantalla-2021-11-25-a-las-13.54.57-300x208.png\" alt=\"\" width=\"300\" height=\"208\" srcset=\"https:\/\/agora.xtec.cat\/ceip-antoni-gaudi\/wp-content\/uploads\/usu683\/2021\/11\/Captura-de-pantalla-2021-11-25-a-las-13.54.57-300x208.png 300w, https:\/\/agora.xtec.cat\/ceip-antoni-gaudi\/wp-content\/uploads\/usu683\/2021\/11\/Captura-de-pantalla-2021-11-25-a-las-13.54.57-768x533.png 768w, https:\/\/agora.xtec.cat\/ceip-antoni-gaudi\/wp-content\/uploads\/usu683\/2021\/11\/Captura-de-pantalla-2021-11-25-a-las-13.54.57.png 900w\" sizes=\"auto, (max-width: 300px) 100vw, 300px\" \/><\/a><\/p>\n","protected":false},"excerpt":{"rendered":"<p>Els nens i nenes de la classe de les granotes, fa uns dies, vam tenir la sort de con\u00e8ixer qu\u00e8 era la cal\u00e8ndula! Vam aprendre que les plantes necessiten\u00a0aigua, terra i sol per a cr\u00e8ixer i com les hem de cuidar!<br \/>\nA m\u00e9s, vam plantar-ne una&hellip;  <a href=\"https:\/\/agora.xtec.cat\/ceip-antoni-gaudi\/general\/les-granotes-plantem-calendules\/\" title=\"Read LES GRANOTES PLANTEM CAL\u00c8NDULES!\">Llegeix m\u00e9s\u00bb<\/a><\/p>\n","protected":false},"author":6,"featured_media":516,"comment_status":"open","ping_status":"closed","sticky":false,"template":"","format":"standard","meta":{"_bbp_topic_count":0,"_bbp_reply_count":0,"_bbp_total_topic_count":0,"_bbp_total_reply_count":0,"_bbp_voice_count":0,"_bbp_anonymous_reply_count":0,"_bbp_topic_count_hidden":0,"_bbp_reply_count_hidden":0,"_bbp_forum_subforum_count":0,"footnotes":""},"categories":[1,3,2,4],"tags":[],"class_list":["post-3990","post","type-post","status-publish","format-standard","has-post-thumbnail","hentry","category-general","category-i3","category-infantil","category-portada"],"post_mailing_queue_ids":[],"_links":{"self":[{"href":"https:\/\/agora.xtec.cat\/ceip-antoni-gaudi\/wp-json\/wp\/v2\/posts\/3990","targetHints":{"allow":["GET"]}}],"collection":[{"href":"https:\/\/agora.xtec.cat\/ceip-antoni-gaudi\/wp-json\/wp\/v2\/posts"}],"about":[{"href":"https:\/\/agora.xtec.cat\/ceip-antoni-gaudi\/wp-json\/wp\/v2\/types\/post"}],"author":[{"embeddable":true,"href":"https:\/\/agora.xtec.cat\/ceip-antoni-gaudi\/wp-json\/wp\/v2\/users\/6"}],"replies":[{"embeddable":true,"href":"https:\/\/agora.xtec.cat\/ceip-antoni-gaudi\/wp-json\/wp\/v2\/comments?post=3990"}],"version-history":[{"count":1,"href":"https:\/\/agora.xtec.cat\/ceip-antoni-gaudi\/wp-json\/wp\/v2\/posts\/3990\/revisions"}],"predecessor-version":[{"id":3992,"href":"https:\/\/agora.xtec.cat\/ceip-antoni-gaudi\/wp-json\/wp\/v2\/posts\/3990\/revisions\/3992"}],"wp:featuredmedia":[{"embeddable":true,"href":"https:\/\/agora.xtec.cat\/ceip-antoni-gaudi\/wp-json\/wp\/v2\/media\/516"}],"wp:attachment":[{"href":"https:\/\/agora.xtec.cat\/ceip-antoni-gaudi\/wp-json\/wp\/v2\/media?parent=3990"}],"wp:term":[{"taxonomy":"category","embeddable":true,"href":"https:\/\/agora.xtec.cat\/ceip-antoni-gaudi\/wp-json\/wp\/v2\/categories?post=3990"},{"taxonomy":"post_tag","embeddable":true,"href":"https:\/\/agora.xtec.cat\/ceip-antoni-gaudi\/wp-json\/wp\/v2\/tags?post=3990"}],"curies":[{"name":"wp","href":"https:\/\/api.w.org\/{rel}","templated":true}]}}