{"id":3986,"date":"2021-11-25T11:46:26","date_gmt":"2021-11-25T10:46:26","guid":{"rendered":"https:\/\/agora.xtec.cat\/ceip-antoni-gaudi\/?p=3986"},"modified":"2021-11-25T11:46:26","modified_gmt":"2021-11-25T10:46:26","slug":"a-p4-fem-racons-matematics","status":"publish","type":"post","link":"https:\/\/agora.xtec.cat\/ceip-antoni-gaudi\/general\/a-p4-fem-racons-matematics\/","title":{"rendered":"A P4 FEM RACONS MATEM\u00c0TICS!"},"content":{"rendered":"<div>\n<p><span lang=\"CA\">Al llarg d&#8217;aquest primer trimestre, els nens i nenes de la classe de les <strong><span style=\"color: #333399;\">estrelles de mar i els cavallets de mar<\/span><\/strong>, ens hem iniciat en la realitzaci\u00f3 de<span class=\"apple-converted-space\">\u00a0<\/span><\/span><span style=\"color: #333399;\"><strong><span lang=\"CA\">nous racons matem\u00e0tics<\/span><\/strong><\/span><span lang=\"CA\"><span style=\"color: #333399;\">!<\/span> Tots ells ens ajudaran en l&#8217;aprenentatge de les habilitats l\u00f2gico-matem\u00e0tiques!\u00a0<\/span><\/p>\n<\/div>\n<div>\n<p><span lang=\"CA\">Us deixem un recull de les propostes matem\u00e0tiques dels racons!\u00a0<\/span><\/p>\n<\/div>\n<p><a href=\"https:\/\/photos.app.goo.gl\/nwSoxt6LtV8fWLKX6\"><img loading=\"lazy\" decoding=\"async\" class=\"aligncenter wp-image-3988 size-medium\" src=\"https:\/\/agora.xtec.cat\/ceip-antoni-gaudi\/wp-content\/uploads\/usu683\/2021\/11\/converted-IMG_9390-225x300.jpg\" alt=\"\" width=\"225\" height=\"300\" srcset=\"https:\/\/agora.xtec.cat\/ceip-antoni-gaudi\/wp-content\/uploads\/usu683\/2021\/11\/converted-IMG_9390-225x300.jpg 225w, https:\/\/agora.xtec.cat\/ceip-antoni-gaudi\/wp-content\/uploads\/usu683\/2021\/11\/converted-IMG_9390-768x1024.jpg 768w, https:\/\/agora.xtec.cat\/ceip-antoni-gaudi\/wp-content\/uploads\/usu683\/2021\/11\/converted-IMG_9390-1152x1536.jpg 1152w, https:\/\/agora.xtec.cat\/ceip-antoni-gaudi\/wp-content\/uploads\/usu683\/2021\/11\/converted-IMG_9390-1536x2048.jpg 1536w, https:\/\/agora.xtec.cat\/ceip-antoni-gaudi\/wp-content\/uploads\/usu683\/2021\/11\/converted-IMG_9390-scaled.jpg 1920w\" sizes=\"auto, (max-width: 225px) 100vw, 225px\" \/><\/a><\/p>\n","protected":false},"excerpt":{"rendered":"<p>Al llarg d&#8217;aquest primer trimestre, els nens i nenes de la classe de les estrelles de mar i els cavallets de mar, ens hem iniciat en la realitzaci\u00f3 de\u00a0nous racons matem\u00e0tics! Tots ells ens ajudaran en l&#8217;aprenentatge de les habilitats l\u00f2gico-matem\u00e0tiques!\u00a0<\/p>\n<p>Us deixem un recull de&hellip;  <a href=\"https:\/\/agora.xtec.cat\/ceip-antoni-gaudi\/general\/a-p4-fem-racons-matematics\/\" title=\"Read A P4 FEM RACONS MATEM\u00c0TICS!\">Llegeix m\u00e9s\u00bb<\/a><\/p>\n","protected":false},"author":6,"featured_media":516,"comment_status":"open","ping_status":"closed","sticky":false,"template":"","format":"standard","meta":{"_bbp_topic_count":0,"_bbp_reply_count":0,"_bbp_total_topic_count":0,"_bbp_total_reply_count":0,"_bbp_voice_count":0,"_bbp_anonymous_reply_count":0,"_bbp_topic_count_hidden":0,"_bbp_reply_count_hidden":0,"_bbp_forum_subforum_count":0,"footnotes":""},"categories":[1,8,2,4],"tags":[],"class_list":["post-3986","post","type-post","status-publish","format-standard","has-post-thumbnail","hentry","category-general","category-i4","category-infantil","category-portada"],"post_mailing_queue_ids":[],"_links":{"self":[{"href":"https:\/\/agora.xtec.cat\/ceip-antoni-gaudi\/wp-json\/wp\/v2\/posts\/3986","targetHints":{"allow":["GET"]}}],"collection":[{"href":"https:\/\/agora.xtec.cat\/ceip-antoni-gaudi\/wp-json\/wp\/v2\/posts"}],"about":[{"href":"https:\/\/agora.xtec.cat\/ceip-antoni-gaudi\/wp-json\/wp\/v2\/types\/post"}],"author":[{"embeddable":true,"href":"https:\/\/agora.xtec.cat\/ceip-antoni-gaudi\/wp-json\/wp\/v2\/users\/6"}],"replies":[{"embeddable":true,"href":"https:\/\/agora.xtec.cat\/ceip-antoni-gaudi\/wp-json\/wp\/v2\/comments?post=3986"}],"version-history":[{"count":1,"href":"https:\/\/agora.xtec.cat\/ceip-antoni-gaudi\/wp-json\/wp\/v2\/posts\/3986\/revisions"}],"predecessor-version":[{"id":3989,"href":"https:\/\/agora.xtec.cat\/ceip-antoni-gaudi\/wp-json\/wp\/v2\/posts\/3986\/revisions\/3989"}],"wp:featuredmedia":[{"embeddable":true,"href":"https:\/\/agora.xtec.cat\/ceip-antoni-gaudi\/wp-json\/wp\/v2\/media\/516"}],"wp:attachment":[{"href":"https:\/\/agora.xtec.cat\/ceip-antoni-gaudi\/wp-json\/wp\/v2\/media?parent=3986"}],"wp:term":[{"taxonomy":"category","embeddable":true,"href":"https:\/\/agora.xtec.cat\/ceip-antoni-gaudi\/wp-json\/wp\/v2\/categories?post=3986"},{"taxonomy":"post_tag","embeddable":true,"href":"https:\/\/agora.xtec.cat\/ceip-antoni-gaudi\/wp-json\/wp\/v2\/tags?post=3986"}],"curies":[{"name":"wp","href":"https:\/\/api.w.org\/{rel}","templated":true}]}}