{"id":3982,"date":"2021-11-22T15:34:58","date_gmt":"2021-11-22T14:34:58","guid":{"rendered":"https:\/\/agora.xtec.cat\/ceip-antoni-gaudi\/?p=3982"},"modified":"2021-11-22T15:34:58","modified_gmt":"2021-11-22T14:34:58","slug":"treballem-els-paisatges-despanya","status":"publish","type":"post","link":"https:\/\/agora.xtec.cat\/ceip-antoni-gaudi\/general\/treballem-els-paisatges-despanya\/","title":{"rendered":"Treballem els paisatges d&#8217;Espanya."},"content":{"rendered":"<p>Aquesta setmana hem comen\u00e7at a treballar els paisatges d&#8217;Espanya. Hem fet un treball <span style=\"color: #0000ff;\"><strong>COOPERATIU<\/strong><\/span> de recerca per con\u00e8ixer les <strong><span style=\"color: #800080;\">COMUNITATS AUT\u00d2NOMES<\/span><\/strong>.<\/p>\n<p>Cliqueu per veure m\u00e9s.<\/p>\n<p><a href=\"https:\/\/photos.app.goo.gl\/dyjsKmo2KtC9zUx86\"><img loading=\"lazy\" decoding=\"async\" class=\"\" src=\"https:\/\/agora.xtec.cat\/ceip-antoni-gaudi\/wp-content\/uploads\/usu683\/2021\/11\/IMG-20211112-WA0002.jpg\" width=\"258\" height=\"344\" \/><\/a><\/p>\n","protected":false},"excerpt":{"rendered":"<p>Aquesta setmana hem comen\u00e7at a treballar els paisatges d&#8217;Espanya. Hem fet un treball COOPERATIU de recerca per con\u00e8ixer les COMUNITATS AUT\u00d2NOMES.<br \/>\nCliqueu per veure m\u00e9s.<br \/>\n<a href=\"https:\/\/photos.app.goo.gl\/dyjsKmo2KtC9zUx86\"><\/a><\/p>\n","protected":false},"author":5,"featured_media":3983,"comment_status":"open","ping_status":"closed","sticky":false,"template":"","format":"standard","meta":{"_bbp_topic_count":0,"_bbp_reply_count":0,"_bbp_total_topic_count":0,"_bbp_total_reply_count":0,"_bbp_voice_count":0,"_bbp_anonymous_reply_count":0,"_bbp_topic_count_hidden":0,"_bbp_reply_count_hidden":0,"_bbp_forum_subforum_count":0,"footnotes":""},"categories":[1,15,4,229,5],"tags":[],"class_list":["post-3982","post","type-post","status-publish","format-standard","has-post-thumbnail","hentry","category-general","category-p6","category-portada","category-portada-portada","category-primaria"],"post_mailing_queue_ids":[],"_links":{"self":[{"href":"https:\/\/agora.xtec.cat\/ceip-antoni-gaudi\/wp-json\/wp\/v2\/posts\/3982","targetHints":{"allow":["GET"]}}],"collection":[{"href":"https:\/\/agora.xtec.cat\/ceip-antoni-gaudi\/wp-json\/wp\/v2\/posts"}],"about":[{"href":"https:\/\/agora.xtec.cat\/ceip-antoni-gaudi\/wp-json\/wp\/v2\/types\/post"}],"author":[{"embeddable":true,"href":"https:\/\/agora.xtec.cat\/ceip-antoni-gaudi\/wp-json\/wp\/v2\/users\/5"}],"replies":[{"embeddable":true,"href":"https:\/\/agora.xtec.cat\/ceip-antoni-gaudi\/wp-json\/wp\/v2\/comments?post=3982"}],"version-history":[{"count":2,"href":"https:\/\/agora.xtec.cat\/ceip-antoni-gaudi\/wp-json\/wp\/v2\/posts\/3982\/revisions"}],"predecessor-version":[{"id":3985,"href":"https:\/\/agora.xtec.cat\/ceip-antoni-gaudi\/wp-json\/wp\/v2\/posts\/3982\/revisions\/3985"}],"wp:featuredmedia":[{"embeddable":true,"href":"https:\/\/agora.xtec.cat\/ceip-antoni-gaudi\/wp-json\/wp\/v2\/media\/3983"}],"wp:attachment":[{"href":"https:\/\/agora.xtec.cat\/ceip-antoni-gaudi\/wp-json\/wp\/v2\/media?parent=3982"}],"wp:term":[{"taxonomy":"category","embeddable":true,"href":"https:\/\/agora.xtec.cat\/ceip-antoni-gaudi\/wp-json\/wp\/v2\/categories?post=3982"},{"taxonomy":"post_tag","embeddable":true,"href":"https:\/\/agora.xtec.cat\/ceip-antoni-gaudi\/wp-json\/wp\/v2\/tags?post=3982"}],"curies":[{"name":"wp","href":"https:\/\/api.w.org\/{rel}","templated":true}]}}