{"id":3931,"date":"2021-11-12T18:15:03","date_gmt":"2021-11-12T17:15:03","guid":{"rendered":"https:\/\/agora.xtec.cat\/ceip-antoni-gaudi\/?p=3931"},"modified":"2021-11-12T18:16:08","modified_gmt":"2021-11-12T17:16:08","slug":"la-piramide-dels-aliments-a-p3","status":"publish","type":"post","link":"https:\/\/agora.xtec.cat\/ceip-antoni-gaudi\/general\/la-piramide-dels-aliments-a-p3\/","title":{"rendered":"LA PIR\u00c0MIDE DELS ALIMENTS A P3!"},"content":{"rendered":"<p>Crear uns bons h\u00e0bits d&#8217;alimentaci\u00f3 \u00e9s essencial per a un creixement i desenvolupament adequats. Per aix\u00f2, cal treballar-ho des de les primeres edats!<br \/>\nA P3, a trav\u00e9s del <strong><span style=\"color: #99cc00;\">programa s\u00ed<\/span> <\/strong>i el seu protagonista, <strong><span style=\"color: #ff0000;\">el<\/span> <span style=\"color: #ff0000;\">Cardio<\/span><\/strong>, treballem <strong><span style=\"color: #ff9900;\">la pir\u00e0mide dels aliments<\/span> <\/strong>i com n&#8217;\u00e9s d&#8217;important mantenir uns h\u00e0bits d&#8217;alimentaci\u00f3 saludable per cuidar el nostre cor. A m\u00e9s, seguint el fil conductor del <strong><span style=\"color: #339966;\">conte de l&#8217;Orugueta Goluda<\/span><\/strong> classifiquem i posem els aliments a la pir\u00e0mide segons si s\u00f3n o no saludables!<\/p>\n<p><a href=\"https:\/\/photos.app.goo.gl\/MnFJ5RZXRvp8dpPk7\"><img loading=\"lazy\" decoding=\"async\" class=\"aligncenter wp-image-3942 size-medium\" src=\"https:\/\/agora.xtec.cat\/ceip-antoni-gaudi\/wp-content\/uploads\/usu683\/2021\/11\/1636457561767-300x224.jpg\" alt=\"\" width=\"300\" height=\"224\" srcset=\"https:\/\/agora.xtec.cat\/ceip-antoni-gaudi\/wp-content\/uploads\/usu683\/2021\/11\/1636457561767-300x224.jpg 300w, https:\/\/agora.xtec.cat\/ceip-antoni-gaudi\/wp-content\/uploads\/usu683\/2021\/11\/1636457561767-1024x766.jpg 1024w, https:\/\/agora.xtec.cat\/ceip-antoni-gaudi\/wp-content\/uploads\/usu683\/2021\/11\/1636457561767-768x574.jpg 768w, https:\/\/agora.xtec.cat\/ceip-antoni-gaudi\/wp-content\/uploads\/usu683\/2021\/11\/1636457561767-1536x1149.jpg 1536w, https:\/\/agora.xtec.cat\/ceip-antoni-gaudi\/wp-content\/uploads\/usu683\/2021\/11\/1636457561767-2048x1532.jpg 2048w, https:\/\/agora.xtec.cat\/ceip-antoni-gaudi\/wp-content\/uploads\/usu683\/2021\/11\/1636457561767-200x150.jpg 200w\" sizes=\"auto, (max-width: 300px) 100vw, 300px\" \/><\/a><\/p>\n","protected":false},"excerpt":{"rendered":"<p>Crear uns bons h\u00e0bits d&#8217;alimentaci\u00f3 \u00e9s essencial per a un creixement i desenvolupament adequats. Per aix\u00f2, cal treballar-ho des de les primeres edats!<br \/>\nA P3, a trav\u00e9s del programa s\u00ed i el seu protagonista, el Cardio, treballem la pir\u00e0mide dels aliments i com n&#8217;\u00e9s d&#8217;important mantenir&hellip;  <a href=\"https:\/\/agora.xtec.cat\/ceip-antoni-gaudi\/general\/la-piramide-dels-aliments-a-p3\/\" title=\"Read LA PIR\u00c0MIDE DELS ALIMENTS A P3!\">Llegeix m\u00e9s\u00bb<\/a><\/p>\n","protected":false},"author":6,"featured_media":0,"comment_status":"open","ping_status":"closed","sticky":false,"template":"","format":"standard","meta":{"_bbp_topic_count":0,"_bbp_reply_count":0,"_bbp_total_topic_count":0,"_bbp_total_reply_count":0,"_bbp_voice_count":0,"_bbp_anonymous_reply_count":0,"_bbp_topic_count_hidden":0,"_bbp_reply_count_hidden":0,"_bbp_forum_subforum_count":0,"footnotes":""},"categories":[1,3,2,4],"tags":[],"class_list":["post-3931","post","type-post","status-publish","format-standard","hentry","category-general","category-i3","category-infantil","category-portada"],"post_mailing_queue_ids":[],"_links":{"self":[{"href":"https:\/\/agora.xtec.cat\/ceip-antoni-gaudi\/wp-json\/wp\/v2\/posts\/3931","targetHints":{"allow":["GET"]}}],"collection":[{"href":"https:\/\/agora.xtec.cat\/ceip-antoni-gaudi\/wp-json\/wp\/v2\/posts"}],"about":[{"href":"https:\/\/agora.xtec.cat\/ceip-antoni-gaudi\/wp-json\/wp\/v2\/types\/post"}],"author":[{"embeddable":true,"href":"https:\/\/agora.xtec.cat\/ceip-antoni-gaudi\/wp-json\/wp\/v2\/users\/6"}],"replies":[{"embeddable":true,"href":"https:\/\/agora.xtec.cat\/ceip-antoni-gaudi\/wp-json\/wp\/v2\/comments?post=3931"}],"version-history":[{"count":3,"href":"https:\/\/agora.xtec.cat\/ceip-antoni-gaudi\/wp-json\/wp\/v2\/posts\/3931\/revisions"}],"predecessor-version":[{"id":3943,"href":"https:\/\/agora.xtec.cat\/ceip-antoni-gaudi\/wp-json\/wp\/v2\/posts\/3931\/revisions\/3943"}],"wp:attachment":[{"href":"https:\/\/agora.xtec.cat\/ceip-antoni-gaudi\/wp-json\/wp\/v2\/media?parent=3931"}],"wp:term":[{"taxonomy":"category","embeddable":true,"href":"https:\/\/agora.xtec.cat\/ceip-antoni-gaudi\/wp-json\/wp\/v2\/categories?post=3931"},{"taxonomy":"post_tag","embeddable":true,"href":"https:\/\/agora.xtec.cat\/ceip-antoni-gaudi\/wp-json\/wp\/v2\/tags?post=3931"}],"curies":[{"name":"wp","href":"https:\/\/api.w.org\/{rel}","templated":true}]}}