{"id":3924,"date":"2021-11-12T18:09:38","date_gmt":"2021-11-12T17:09:38","guid":{"rendered":"https:\/\/agora.xtec.cat\/ceip-antoni-gaudi\/?p=3924"},"modified":"2021-11-12T18:15:54","modified_gmt":"2021-11-12T17:15:54","slug":"treballem-les-emocions-a-p4","status":"publish","type":"post","link":"https:\/\/agora.xtec.cat\/ceip-antoni-gaudi\/general\/treballem-les-emocions-a-p4\/","title":{"rendered":"TREBALLEM LES EMOCIONS A P4!"},"content":{"rendered":"<p><strong>Les<span style=\"color: #000000;\"> emocio<\/span><span style=\"color: #ffff00;\"><span style=\"color: #000000;\">ns <\/span><\/span><\/strong>s\u00f3n molt importants per a la vida, per aix\u00f2 \u00e9s necessari fer un treball des de ben petits.<br \/>\nA P4 estem treballant les emocions seguint el fil conductor del conte <strong><span style=\"color: #ff00ff;\">el\u00a0<\/span><\/strong><span style=\"color: #00ff00;\"><strong>mo<span style=\"color: #ffcc00;\">ns<\/span><span style=\"color: #0000ff;\">tre<\/span> <span style=\"color: #ff0000;\">de<\/span> <span style=\"color: #000000;\">co<\/span>l<span style=\"color: #ff00ff;\">or<\/span>s<\/strong><\/span>.<br \/>\nAquesta setmana hem treballat<strong><span style=\"color: #000000;\"> la por<\/span><\/strong> a partir de <strong><span style=\"color: #000000;\">la capsa de la por<\/span> <\/strong>on, els cavallets i les estrelles de mar, han pogut deixar els dibuixo<span style=\"font-family: inherit; font-size: 1em;\">s d&#8217;all\u00f2 que els fa por.<br \/>\n<\/span><span style=\"font-family: inherit; font-size: 1em;\">Tamb\u00e9 hem fet servir un<em> spray<\/em> que ens ajudar\u00e0 en els moments que tinguem por!\u00a0<\/span><\/p>\n<p><a href=\"https:\/\/photos.app.goo.gl\/apJpFhZjbx4kp4hP9\"><img loading=\"lazy\" decoding=\"async\" class=\"aligncenter wp-image-3929 \" src=\"https:\/\/agora.xtec.cat\/ceip-antoni-gaudi\/wp-content\/uploads\/usu683\/2021\/11\/IMG_9318-242x300.jpg\" alt=\"\" width=\"242\" height=\"300\" srcset=\"https:\/\/agora.xtec.cat\/ceip-antoni-gaudi\/wp-content\/uploads\/usu683\/2021\/11\/IMG_9318-242x300.jpg 242w, https:\/\/agora.xtec.cat\/ceip-antoni-gaudi\/wp-content\/uploads\/usu683\/2021\/11\/IMG_9318-824x1024.jpg 824w, https:\/\/agora.xtec.cat\/ceip-antoni-gaudi\/wp-content\/uploads\/usu683\/2021\/11\/IMG_9318-768x954.jpg 768w, https:\/\/agora.xtec.cat\/ceip-antoni-gaudi\/wp-content\/uploads\/usu683\/2021\/11\/IMG_9318-1237x1536.jpg 1237w, https:\/\/agora.xtec.cat\/ceip-antoni-gaudi\/wp-content\/uploads\/usu683\/2021\/11\/IMG_9318-1649x2048.jpg 1649w, https:\/\/agora.xtec.cat\/ceip-antoni-gaudi\/wp-content\/uploads\/usu683\/2021\/11\/IMG_9318.jpg 1999w\" sizes=\"auto, (max-width: 242px) 100vw, 242px\" \/><\/a><\/p>\n","protected":false},"excerpt":{"rendered":"<p>Les emocions s\u00f3n molt importants per a la vida, per aix\u00f2 \u00e9s necessari fer un treball des de ben petits.<br \/>\nA P4 estem treballant les emocions seguint el fil conductor del conte el\u00a0monstre de colors.<br \/>\nAquesta setmana hem treballat la por a partir de la capsa de&hellip;  <a href=\"https:\/\/agora.xtec.cat\/ceip-antoni-gaudi\/general\/treballem-les-emocions-a-p4\/\" title=\"Read TREBALLEM LES EMOCIONS A P4!\">Llegeix m\u00e9s\u00bb<\/a><\/p>\n","protected":false},"author":6,"featured_media":0,"comment_status":"open","ping_status":"closed","sticky":false,"template":"","format":"standard","meta":{"_bbp_topic_count":0,"_bbp_reply_count":0,"_bbp_total_topic_count":0,"_bbp_total_reply_count":0,"_bbp_voice_count":0,"_bbp_anonymous_reply_count":0,"_bbp_topic_count_hidden":0,"_bbp_reply_count_hidden":0,"_bbp_forum_subforum_count":0,"footnotes":""},"categories":[1,8,2,4],"tags":[],"class_list":["post-3924","post","type-post","status-publish","format-standard","hentry","category-general","category-i4","category-infantil","category-portada"],"post_mailing_queue_ids":[],"_links":{"self":[{"href":"https:\/\/agora.xtec.cat\/ceip-antoni-gaudi\/wp-json\/wp\/v2\/posts\/3924","targetHints":{"allow":["GET"]}}],"collection":[{"href":"https:\/\/agora.xtec.cat\/ceip-antoni-gaudi\/wp-json\/wp\/v2\/posts"}],"about":[{"href":"https:\/\/agora.xtec.cat\/ceip-antoni-gaudi\/wp-json\/wp\/v2\/types\/post"}],"author":[{"embeddable":true,"href":"https:\/\/agora.xtec.cat\/ceip-antoni-gaudi\/wp-json\/wp\/v2\/users\/6"}],"replies":[{"embeddable":true,"href":"https:\/\/agora.xtec.cat\/ceip-antoni-gaudi\/wp-json\/wp\/v2\/comments?post=3924"}],"version-history":[{"count":3,"href":"https:\/\/agora.xtec.cat\/ceip-antoni-gaudi\/wp-json\/wp\/v2\/posts\/3924\/revisions"}],"predecessor-version":[{"id":3941,"href":"https:\/\/agora.xtec.cat\/ceip-antoni-gaudi\/wp-json\/wp\/v2\/posts\/3924\/revisions\/3941"}],"wp:attachment":[{"href":"https:\/\/agora.xtec.cat\/ceip-antoni-gaudi\/wp-json\/wp\/v2\/media?parent=3924"}],"wp:term":[{"taxonomy":"category","embeddable":true,"href":"https:\/\/agora.xtec.cat\/ceip-antoni-gaudi\/wp-json\/wp\/v2\/categories?post=3924"},{"taxonomy":"post_tag","embeddable":true,"href":"https:\/\/agora.xtec.cat\/ceip-antoni-gaudi\/wp-json\/wp\/v2\/tags?post=3924"}],"curies":[{"name":"wp","href":"https:\/\/api.w.org\/{rel}","templated":true}]}}