{"id":3914,"date":"2021-11-08T16:47:28","date_gmt":"2021-11-08T15:47:28","guid":{"rendered":"https:\/\/agora.xtec.cat\/ceip-antoni-gaudi\/?p=3914"},"modified":"2021-11-08T16:47:28","modified_gmt":"2021-11-08T15:47:28","slug":"1r-som-la-classe-del-cavall-bernat","status":"publish","type":"post","link":"https:\/\/agora.xtec.cat\/ceip-antoni-gaudi\/general\/1r-som-la-classe-del-cavall-bernat\/","title":{"rendered":"1r &#8211; SOM LA CLASSE DEL CAVALL BERNAT"},"content":{"rendered":"<p>Ja fa unes setmanes que els nens i nenes de 1r hem comen\u00e7at el projecte del<span style=\"color: #008000;\"><strong> n<\/strong><strong>om de la nostra classe<\/strong><\/span>. Amb l&#8217;arribada del follet Bernat i un seguit d&#8217;enigmes hem pogut descobrir que el <strong><span style=\"color: #008000;\">Cavall Bernat<\/span><\/strong> \u00e9s una agulla de la Muntanya m\u00e0gica de Montserrat. Tamb\u00e9 hem descobert que podem veure la <span style=\"color: #008000;\"><strong>muntanya de Montserrat<\/strong><\/span> des de la finestra de la classe!<\/p>\n<p>A m\u00e9s, hem apr\u00e8s que per poder pujar a dalt de tot del Cavall Bernat cal ser un bon escalador o escaladora. Per aix\u00f2, ens hem convertit en escaladores per un dia!<\/p>\n<p>Aqu\u00ed us deixem les fotos:<\/p>\n<p><a href=\"https:\/\/photos.app.goo.gl\/LfYgrsBCLbQtj7Wt7\" target=\"_blank\" rel=\"noopener\"><img loading=\"lazy\" decoding=\"async\" class=\"aligncenter size-medium wp-image-3916\" src=\"https:\/\/agora.xtec.cat\/ceip-antoni-gaudi\/wp-content\/uploads\/usu683\/2021\/11\/1200px-Cavall_Bernat-1-225x300.jpg\" alt=\"\" width=\"225\" height=\"300\" srcset=\"https:\/\/agora.xtec.cat\/ceip-antoni-gaudi\/wp-content\/uploads\/usu683\/2021\/11\/1200px-Cavall_Bernat-1-225x300.jpg 225w, https:\/\/agora.xtec.cat\/ceip-antoni-gaudi\/wp-content\/uploads\/usu683\/2021\/11\/1200px-Cavall_Bernat-1-768x1024.jpg 768w, https:\/\/agora.xtec.cat\/ceip-antoni-gaudi\/wp-content\/uploads\/usu683\/2021\/11\/1200px-Cavall_Bernat-1-1152x1536.jpg 1152w, https:\/\/agora.xtec.cat\/ceip-antoni-gaudi\/wp-content\/uploads\/usu683\/2021\/11\/1200px-Cavall_Bernat-1.jpg 1200w\" sizes=\"auto, (max-width: 225px) 100vw, 225px\" \/><\/a><\/p>\n","protected":false},"excerpt":{"rendered":"<p>Ja fa unes setmanes que els nens i nenes de 1r hem comen\u00e7at el projecte del nom de la nostra classe. Amb l&#8217;arribada del follet Bernat i un seguit d&#8217;enigmes hem pogut descobrir que el Cavall Bernat \u00e9s una agulla de la Muntanya m\u00e0gica de&hellip;  <a href=\"https:\/\/agora.xtec.cat\/ceip-antoni-gaudi\/general\/1r-som-la-classe-del-cavall-bernat\/\" title=\"Read 1r &#8211; SOM LA CLASSE DEL CAVALL BERNAT\">Llegeix m\u00e9s\u00bb<\/a><\/p>\n","protected":false},"author":4,"featured_media":3916,"comment_status":"open","ping_status":"closed","sticky":false,"template":"","format":"standard","meta":{"_bbp_topic_count":0,"_bbp_reply_count":0,"_bbp_total_topic_count":0,"_bbp_total_reply_count":0,"_bbp_voice_count":0,"_bbp_anonymous_reply_count":0,"_bbp_topic_count_hidden":0,"_bbp_reply_count_hidden":0,"_bbp_forum_subforum_count":0,"footnotes":""},"categories":[1,10,4,229,5],"tags":[],"class_list":["post-3914","post","type-post","status-publish","format-standard","has-post-thumbnail","hentry","category-general","category-p1","category-portada","category-portada-portada","category-primaria"],"post_mailing_queue_ids":[],"_links":{"self":[{"href":"https:\/\/agora.xtec.cat\/ceip-antoni-gaudi\/wp-json\/wp\/v2\/posts\/3914","targetHints":{"allow":["GET"]}}],"collection":[{"href":"https:\/\/agora.xtec.cat\/ceip-antoni-gaudi\/wp-json\/wp\/v2\/posts"}],"about":[{"href":"https:\/\/agora.xtec.cat\/ceip-antoni-gaudi\/wp-json\/wp\/v2\/types\/post"}],"author":[{"embeddable":true,"href":"https:\/\/agora.xtec.cat\/ceip-antoni-gaudi\/wp-json\/wp\/v2\/users\/4"}],"replies":[{"embeddable":true,"href":"https:\/\/agora.xtec.cat\/ceip-antoni-gaudi\/wp-json\/wp\/v2\/comments?post=3914"}],"version-history":[{"count":1,"href":"https:\/\/agora.xtec.cat\/ceip-antoni-gaudi\/wp-json\/wp\/v2\/posts\/3914\/revisions"}],"predecessor-version":[{"id":3919,"href":"https:\/\/agora.xtec.cat\/ceip-antoni-gaudi\/wp-json\/wp\/v2\/posts\/3914\/revisions\/3919"}],"wp:featuredmedia":[{"embeddable":true,"href":"https:\/\/agora.xtec.cat\/ceip-antoni-gaudi\/wp-json\/wp\/v2\/media\/3916"}],"wp:attachment":[{"href":"https:\/\/agora.xtec.cat\/ceip-antoni-gaudi\/wp-json\/wp\/v2\/media?parent=3914"}],"wp:term":[{"taxonomy":"category","embeddable":true,"href":"https:\/\/agora.xtec.cat\/ceip-antoni-gaudi\/wp-json\/wp\/v2\/categories?post=3914"},{"taxonomy":"post_tag","embeddable":true,"href":"https:\/\/agora.xtec.cat\/ceip-antoni-gaudi\/wp-json\/wp\/v2\/tags?post=3914"}],"curies":[{"name":"wp","href":"https:\/\/api.w.org\/{rel}","templated":true}]}}