{"id":3876,"date":"2021-11-04T16:35:40","date_gmt":"2021-11-04T15:35:40","guid":{"rendered":"https:\/\/agora.xtec.cat\/ceip-antoni-gaudi\/?p=3876"},"modified":"2021-11-04T16:38:54","modified_gmt":"2021-11-04T15:38:54","slug":"tast-de-fruits-de-tardor","status":"publish","type":"post","link":"https:\/\/agora.xtec.cat\/ceip-antoni-gaudi\/general\/tast-de-fruits-de-tardor\/","title":{"rendered":"TAST DE FRUITS DE TARDOR!"},"content":{"rendered":"<p style=\"text-align: justify;\">Aquesta setmana els nens i nenes d&#8217;infantil hem fet un tast dels diferents fruits de temporada. <strong><span style=\"color: #000000;\">La tardor <\/span><\/strong>\u00e9s una estaci\u00f3 que ens porta fruits com: <strong><span style=\"color: #ff6600;\">taronges,<\/span> <span style=\"color: #ff9900;\">mandarines<\/span><\/strong>,<strong><span style=\"color: #ffcc00;\"> caquis,<\/span> <span style=\"color: #800000;\">magranes<\/span><\/strong>, <strong><span style=\"color: #99cc00;\">ra\u00efm<\/span><\/strong>,<strong><span style=\"color: #008000;\"> peres,<\/span><span style=\"color: #993300;\"> moniatos,<\/span> <span style=\"color: #c7aa4a;\">avellanes<\/span><\/strong>, <strong><span style=\"color: #9e7421;\">ametlles<\/span><\/strong>, <strong><span style=\"color: #c4a051;\">nous.<\/span><\/strong>.. tota una experi\u00e8ncia gastron\u00f2mica!<\/p>\n<p style=\"text-align: justify;\"><a href=\"https:\/\/photos.app.goo.gl\/nVN349rwqv9qxDdXA\"><img loading=\"lazy\" decoding=\"async\" class=\"wp-image-3881 aligncenter\" src=\"https:\/\/agora.xtec.cat\/ceip-antoni-gaudi\/wp-content\/uploads\/usu683\/2021\/11\/P\u00b7-1.jpg\" alt=\"\" width=\"243\" height=\"172\" srcset=\"https:\/\/agora.xtec.cat\/ceip-antoni-gaudi\/wp-content\/uploads\/usu683\/2021\/11\/P\u00b7-1.jpg 2000w, https:\/\/agora.xtec.cat\/ceip-antoni-gaudi\/wp-content\/uploads\/usu683\/2021\/11\/P\u00b7-1-300x212.jpg 300w, https:\/\/agora.xtec.cat\/ceip-antoni-gaudi\/wp-content\/uploads\/usu683\/2021\/11\/P\u00b7-1-1024x724.jpg 1024w, https:\/\/agora.xtec.cat\/ceip-antoni-gaudi\/wp-content\/uploads\/usu683\/2021\/11\/P\u00b7-1-768x543.jpg 768w, https:\/\/agora.xtec.cat\/ceip-antoni-gaudi\/wp-content\/uploads\/usu683\/2021\/11\/P\u00b7-1-1536x1086.jpg 1536w\" sizes=\"auto, (max-width: 243px) 100vw, 243px\" \/><\/a><\/p>\n<p><a href=\"https:\/\/photos.app.goo.gl\/Z2QfJMF6NeQz9g1QA\"><img loading=\"lazy\" decoding=\"async\" class=\"wp-image-3879 aligncenter\" src=\"https:\/\/agora.xtec.cat\/ceip-antoni-gaudi\/wp-content\/uploads\/usu683\/2021\/11\/P\u00b7.jpg\" alt=\"\" width=\"247\" height=\"175\" srcset=\"https:\/\/agora.xtec.cat\/ceip-antoni-gaudi\/wp-content\/uploads\/usu683\/2021\/11\/P\u00b7.jpg 2000w, https:\/\/agora.xtec.cat\/ceip-antoni-gaudi\/wp-content\/uploads\/usu683\/2021\/11\/P\u00b7-300x212.jpg 300w, https:\/\/agora.xtec.cat\/ceip-antoni-gaudi\/wp-content\/uploads\/usu683\/2021\/11\/P\u00b7-1024x724.jpg 1024w, https:\/\/agora.xtec.cat\/ceip-antoni-gaudi\/wp-content\/uploads\/usu683\/2021\/11\/P\u00b7-768x543.jpg 768w, https:\/\/agora.xtec.cat\/ceip-antoni-gaudi\/wp-content\/uploads\/usu683\/2021\/11\/P\u00b7-1536x1086.jpg 1536w\" sizes=\"auto, (max-width: 247px) 100vw, 247px\" \/><\/a><a href=\"https:\/\/photos.app.goo.gl\/VoPHcsQcTnB9SsSz8\"><img loading=\"lazy\" decoding=\"async\" class=\"wp-image-3882 aligncenter\" src=\"https:\/\/agora.xtec.cat\/ceip-antoni-gaudi\/wp-content\/uploads\/usu683\/2021\/11\/P\u00b7-2.jpg\" alt=\"\" width=\"245\" height=\"173\" srcset=\"https:\/\/agora.xtec.cat\/ceip-antoni-gaudi\/wp-content\/uploads\/usu683\/2021\/11\/P\u00b7-2.jpg 2000w, https:\/\/agora.xtec.cat\/ceip-antoni-gaudi\/wp-content\/uploads\/usu683\/2021\/11\/P\u00b7-2-300x212.jpg 300w, https:\/\/agora.xtec.cat\/ceip-antoni-gaudi\/wp-content\/uploads\/usu683\/2021\/11\/P\u00b7-2-1024x724.jpg 1024w, https:\/\/agora.xtec.cat\/ceip-antoni-gaudi\/wp-content\/uploads\/usu683\/2021\/11\/P\u00b7-2-768x543.jpg 768w, https:\/\/agora.xtec.cat\/ceip-antoni-gaudi\/wp-content\/uploads\/usu683\/2021\/11\/P\u00b7-2-1536x1086.jpg 1536w\" sizes=\"auto, (max-width: 245px) 100vw, 245px\" \/><\/a><\/p>\n<p>&nbsp;<\/p>\n<p>&nbsp;<\/p>\n<p>&nbsp;<\/p>\n","protected":false},"excerpt":{"rendered":"<p>Aquesta setmana els nens i nenes d&#8217;infantil hem fet un tast dels diferents fruits de temporada. La tardor \u00e9s una estaci\u00f3 que ens porta fruits com: taronges, mandarines, caquis, magranes, ra\u00efm, peres, moniatos, avellanes, ametlles, nous&#8230; tota una experi\u00e8ncia gastron\u00f2mica!<br \/>\n<a href=\"https:\/\/photos.app.goo.gl\/nVN349rwqv9qxDdXA\"><\/a><br \/>\n<a href=\"https:\/\/photos.app.goo.gl\/Z2QfJMF6NeQz9g1QA\"><\/a><a href=\"https:\/\/photos.app.goo.gl\/VoPHcsQcTnB9SsSz8\"><\/a><br \/>\n&nbsp;<br \/>\n&nbsp;<br \/>\n&nbsp;<\/p>\n","protected":false},"author":6,"featured_media":0,"comment_status":"open","ping_status":"closed","sticky":false,"template":"","format":"standard","meta":{"_bbp_topic_count":0,"_bbp_reply_count":0,"_bbp_total_topic_count":0,"_bbp_total_reply_count":0,"_bbp_voice_count":0,"_bbp_anonymous_reply_count":0,"_bbp_topic_count_hidden":0,"_bbp_reply_count_hidden":0,"_bbp_forum_subforum_count":0,"footnotes":""},"categories":[1,3,8,9,2,229],"tags":[],"class_list":["post-3876","post","type-post","status-publish","format-standard","hentry","category-general","category-i3","category-i4","category-i5","category-infantil","category-portada-portada"],"post_mailing_queue_ids":[],"_links":{"self":[{"href":"https:\/\/agora.xtec.cat\/ceip-antoni-gaudi\/wp-json\/wp\/v2\/posts\/3876","targetHints":{"allow":["GET"]}}],"collection":[{"href":"https:\/\/agora.xtec.cat\/ceip-antoni-gaudi\/wp-json\/wp\/v2\/posts"}],"about":[{"href":"https:\/\/agora.xtec.cat\/ceip-antoni-gaudi\/wp-json\/wp\/v2\/types\/post"}],"author":[{"embeddable":true,"href":"https:\/\/agora.xtec.cat\/ceip-antoni-gaudi\/wp-json\/wp\/v2\/users\/6"}],"replies":[{"embeddable":true,"href":"https:\/\/agora.xtec.cat\/ceip-antoni-gaudi\/wp-json\/wp\/v2\/comments?post=3876"}],"version-history":[{"count":4,"href":"https:\/\/agora.xtec.cat\/ceip-antoni-gaudi\/wp-json\/wp\/v2\/posts\/3876\/revisions"}],"predecessor-version":[{"id":3895,"href":"https:\/\/agora.xtec.cat\/ceip-antoni-gaudi\/wp-json\/wp\/v2\/posts\/3876\/revisions\/3895"}],"wp:attachment":[{"href":"https:\/\/agora.xtec.cat\/ceip-antoni-gaudi\/wp-json\/wp\/v2\/media?parent=3876"}],"wp:term":[{"taxonomy":"category","embeddable":true,"href":"https:\/\/agora.xtec.cat\/ceip-antoni-gaudi\/wp-json\/wp\/v2\/categories?post=3876"},{"taxonomy":"post_tag","embeddable":true,"href":"https:\/\/agora.xtec.cat\/ceip-antoni-gaudi\/wp-json\/wp\/v2\/tags?post=3876"}],"curies":[{"name":"wp","href":"https:\/\/api.w.org\/{rel}","templated":true}]}}