{"id":3833,"date":"2021-10-29T20:02:11","date_gmt":"2021-10-29T18:02:11","guid":{"rendered":"https:\/\/agora.xtec.cat\/ceip-antoni-gaudi\/?p=3833"},"modified":"2021-10-29T20:06:10","modified_gmt":"2021-10-29T18:06:10","slug":"castanyada-a-1r","status":"publish","type":"post","link":"https:\/\/agora.xtec.cat\/ceip-antoni-gaudi\/general\/castanyada-a-1r\/","title":{"rendered":"Castanyada a 1r"},"content":{"rendered":"<p>Ahir la Castanyera ens va deixar una <strong><span style=\"color: #ff6600;\">caixa tancada amb un candau<\/span><\/strong> i ens va proposar un repte, hav\u00edem d&#8217;aconseguir obrir-la resolent diferents activitats utilitzant la l\u00f2gica, la concentraci\u00f3, les matem\u00e0tiques i la lectoescriptura. <span style=\"color: #ff6600;\"><strong>Avui hem pogut obrir-la i quina sorpresa<\/strong><\/span>!Hi havia una nota de la Castanyera que ens convidava a menjar <strong><span style=\"color: #ffcc00;\">castanyes torrades<\/span><\/strong> i ens proposava una <span style=\"color: #ffcc00;\"><strong>manualitat<\/strong> <\/span>molt divertida.<\/p>\n<p>A mig mat\u00ed hem rebut la visita dels <span style=\"color: #ff9900;\"><strong>m\u00e9s grans de l&#8217;escola<\/strong><\/span> que ens han representat el <span style=\"color: #ff9900;\"><strong>conte de la Castanyera i el Marrameu.<\/strong><\/span> Hem cantat i ballat amb ells i despr\u00e9s ens han acompanyat al pati a menjar les castanyes. Estaven molt bones!!! Finalment hem acabat el dia amb <span style=\"color: #993300;\"><strong>sessi\u00f3 de cinema<\/strong><\/span>.<\/p>\n<p>Aqu\u00ed podeu veure que b\u00e9 que ens ho hem passat!<\/p>\n<p><a href=\"https:\/\/photos.app.goo.gl\/fZnBr2JFq56VWTa79\" target=\"_blank\" rel=\"noopener\"><img loading=\"lazy\" decoding=\"async\" class=\"aligncenter size-medium wp-image-3834\" src=\"https:\/\/agora.xtec.cat\/ceip-antoni-gaudi\/wp-content\/uploads\/usu683\/2021\/10\/IMG_20211029_101100-300x225.jpg\" alt=\"\" width=\"300\" height=\"225\" srcset=\"https:\/\/agora.xtec.cat\/ceip-antoni-gaudi\/wp-content\/uploads\/usu683\/2021\/10\/IMG_20211029_101100-300x225.jpg 300w, https:\/\/agora.xtec.cat\/ceip-antoni-gaudi\/wp-content\/uploads\/usu683\/2021\/10\/IMG_20211029_101100-1024x768.jpg 1024w, https:\/\/agora.xtec.cat\/ceip-antoni-gaudi\/wp-content\/uploads\/usu683\/2021\/10\/IMG_20211029_101100-768x576.jpg 768w, https:\/\/agora.xtec.cat\/ceip-antoni-gaudi\/wp-content\/uploads\/usu683\/2021\/10\/IMG_20211029_101100-1536x1152.jpg 1536w, https:\/\/agora.xtec.cat\/ceip-antoni-gaudi\/wp-content\/uploads\/usu683\/2021\/10\/IMG_20211029_101100-2048x1536.jpg 2048w, https:\/\/agora.xtec.cat\/ceip-antoni-gaudi\/wp-content\/uploads\/usu683\/2021\/10\/IMG_20211029_101100-200x150.jpg 200w\" sizes=\"auto, (max-width: 300px) 100vw, 300px\" \/><\/a><\/p>\n","protected":false},"excerpt":{"rendered":"<p>Ahir la Castanyera ens va deixar una caixa tancada amb un candau i ens va proposar un repte, hav\u00edem d&#8217;aconseguir obrir-la resolent diferents activitats utilitzant la l\u00f2gica, la concentraci\u00f3, les matem\u00e0tiques i la lectoescriptura. Avui hem pogut obrir-la i quina sorpresa!Hi havia una nota de&hellip;  <a href=\"https:\/\/agora.xtec.cat\/ceip-antoni-gaudi\/general\/castanyada-a-1r\/\" title=\"Read Castanyada a 1r\">Llegeix m\u00e9s\u00bb<\/a><\/p>\n","protected":false},"author":4,"featured_media":3834,"comment_status":"open","ping_status":"closed","sticky":false,"template":"","format":"standard","meta":{"_bbp_topic_count":0,"_bbp_reply_count":0,"_bbp_total_topic_count":0,"_bbp_total_reply_count":0,"_bbp_voice_count":0,"_bbp_anonymous_reply_count":0,"_bbp_topic_count_hidden":0,"_bbp_reply_count_hidden":0,"_bbp_forum_subforum_count":0,"footnotes":""},"categories":[1,10,4,229,5],"tags":[],"class_list":["post-3833","post","type-post","status-publish","format-standard","has-post-thumbnail","hentry","category-general","category-p1","category-portada","category-portada-portada","category-primaria"],"post_mailing_queue_ids":[],"_links":{"self":[{"href":"https:\/\/agora.xtec.cat\/ceip-antoni-gaudi\/wp-json\/wp\/v2\/posts\/3833","targetHints":{"allow":["GET"]}}],"collection":[{"href":"https:\/\/agora.xtec.cat\/ceip-antoni-gaudi\/wp-json\/wp\/v2\/posts"}],"about":[{"href":"https:\/\/agora.xtec.cat\/ceip-antoni-gaudi\/wp-json\/wp\/v2\/types\/post"}],"author":[{"embeddable":true,"href":"https:\/\/agora.xtec.cat\/ceip-antoni-gaudi\/wp-json\/wp\/v2\/users\/4"}],"replies":[{"embeddable":true,"href":"https:\/\/agora.xtec.cat\/ceip-antoni-gaudi\/wp-json\/wp\/v2\/comments?post=3833"}],"version-history":[{"count":3,"href":"https:\/\/agora.xtec.cat\/ceip-antoni-gaudi\/wp-json\/wp\/v2\/posts\/3833\/revisions"}],"predecessor-version":[{"id":3846,"href":"https:\/\/agora.xtec.cat\/ceip-antoni-gaudi\/wp-json\/wp\/v2\/posts\/3833\/revisions\/3846"}],"wp:featuredmedia":[{"embeddable":true,"href":"https:\/\/agora.xtec.cat\/ceip-antoni-gaudi\/wp-json\/wp\/v2\/media\/3834"}],"wp:attachment":[{"href":"https:\/\/agora.xtec.cat\/ceip-antoni-gaudi\/wp-json\/wp\/v2\/media?parent=3833"}],"wp:term":[{"taxonomy":"category","embeddable":true,"href":"https:\/\/agora.xtec.cat\/ceip-antoni-gaudi\/wp-json\/wp\/v2\/categories?post=3833"},{"taxonomy":"post_tag","embeddable":true,"href":"https:\/\/agora.xtec.cat\/ceip-antoni-gaudi\/wp-json\/wp\/v2\/tags?post=3833"}],"curies":[{"name":"wp","href":"https:\/\/api.w.org\/{rel}","templated":true}]}}