{"id":3818,"date":"2021-10-29T21:29:00","date_gmt":"2021-10-29T19:29:00","guid":{"rendered":"https:\/\/agora.xtec.cat\/ceip-antoni-gaudi\/?p=3818"},"modified":"2021-10-29T21:31:35","modified_gmt":"2021-10-29T19:31:35","slug":"la-castanyada-a-educacio-infantil-2","status":"publish","type":"post","link":"https:\/\/agora.xtec.cat\/ceip-antoni-gaudi\/general\/la-castanyada-a-educacio-infantil-2\/","title":{"rendered":"LA CASTANYADA A EDUCACI\u00d3 INFANTIL!"},"content":{"rendered":"<p style=\"text-align: justify;\">Avui, els nens i nenes d&#8217;infantil hem celebrat<strong><span style=\"color: #808000;\"> L<\/span><span style=\"color: #808000;\">a Castanyada<\/span><\/strong>! Ha estat una gran sorpresa la visita de la <span style=\"color: #b5704e;\"><strong>Marieta Castanyera!<\/strong><\/span>\u00a0Ens ha portat les millors castanyes de la muntanya!!<br \/>\nDespr\u00e9s, els <strong>nens i nenes de 6\u00e8<\/strong> ens han representat uns\u00a0<strong>contes de la Castanyera d&#8217;all\u00f2 m\u00e9s divertits!<\/strong> Moltes gr\u00e0cies! Hem gaudit molt\u00edssim del dia d&#8217;avui: <strong><span style=\"color: #8a6525;\">hem menjat castanyes<\/span><\/strong>, <strong><span style=\"color: #ff9900;\">hem cantat<\/span> <\/strong>i <span style=\"color: #c7a314;\"><strong>hem ballat!<\/strong><\/span><br \/>\nEns ha agradat molt tornar a veure a la Castanyera! I ara&#8230;<span style=\"color: #000000;\"> <strong>fins a l&#8217;any vinent!<br \/>\n<\/strong><\/span><\/p>\n<p style=\"text-align: justify;\">A m\u00e9s, durant la setmana a les hores d&#8217;<strong>angl\u00e8s<\/strong> hem conegut la festa tradicional dels pa\u00efsos anglosaxons: <span style=\"color: #ff0000;\"><strong>Halloween<\/strong><\/span>! Hem fet diferents activitats relacionades amb la tem\u00e0tica i ens ho hem passat d&#8217;all\u00f2 m\u00e9s b\u00e9.<\/p>\n<p style=\"text-align: justify;\">A continuaci\u00f3, us deixem un recull de fotografies perqu\u00e8 pugueu veure com ens ho passem de b\u00e9 a l&#8217;escola!<a href=\"https:\/\/photos.app.goo.gl\/zGx2KDM2Xxn7fKEQ9\"><br \/>\n<\/a><a href=\"https:\/\/photos.app.goo.gl\/zGx2KDM2Xxn7fKEQ9\"><br \/>\n<img loading=\"lazy\" decoding=\"async\" class=\"wp-image-3826 aligncenter\" src=\"https:\/\/agora.xtec.cat\/ceip-antoni-gaudi\/wp-content\/uploads\/usu683\/2021\/10\/P\u00b7-8.jpg\" alt=\"\" width=\"353\" height=\"250\" srcset=\"https:\/\/agora.xtec.cat\/ceip-antoni-gaudi\/wp-content\/uploads\/usu683\/2021\/10\/P\u00b7-8.jpg 2000w, https:\/\/agora.xtec.cat\/ceip-antoni-gaudi\/wp-content\/uploads\/usu683\/2021\/10\/P\u00b7-8-300x212.jpg 300w, https:\/\/agora.xtec.cat\/ceip-antoni-gaudi\/wp-content\/uploads\/usu683\/2021\/10\/P\u00b7-8-1024x724.jpg 1024w, https:\/\/agora.xtec.cat\/ceip-antoni-gaudi\/wp-content\/uploads\/usu683\/2021\/10\/P\u00b7-8-768x543.jpg 768w, https:\/\/agora.xtec.cat\/ceip-antoni-gaudi\/wp-content\/uploads\/usu683\/2021\/10\/P\u00b7-8-1536x1086.jpg 1536w\" sizes=\"auto, (max-width: 353px) 100vw, 353px\" \/><\/a><a href=\"https:\/\/photos.app.goo.gl\/eB2vNAU2Eo63R6bFA\"><img loading=\"lazy\" decoding=\"async\" class=\"wp-image-3819 aligncenter\" src=\"https:\/\/agora.xtec.cat\/ceip-antoni-gaudi\/wp-content\/uploads\/usu683\/2021\/10\/P\u00b7-7.jpg\" alt=\"\" width=\"382\" height=\"270\" srcset=\"https:\/\/agora.xtec.cat\/ceip-antoni-gaudi\/wp-content\/uploads\/usu683\/2021\/10\/P\u00b7-7.jpg 2000w, https:\/\/agora.xtec.cat\/ceip-antoni-gaudi\/wp-content\/uploads\/usu683\/2021\/10\/P\u00b7-7-300x212.jpg 300w, https:\/\/agora.xtec.cat\/ceip-antoni-gaudi\/wp-content\/uploads\/usu683\/2021\/10\/P\u00b7-7-1024x724.jpg 1024w, https:\/\/agora.xtec.cat\/ceip-antoni-gaudi\/wp-content\/uploads\/usu683\/2021\/10\/P\u00b7-7-768x543.jpg 768w, https:\/\/agora.xtec.cat\/ceip-antoni-gaudi\/wp-content\/uploads\/usu683\/2021\/10\/P\u00b7-7-1536x1086.jpg 1536w\" sizes=\"auto, (max-width: 382px) 100vw, 382px\" \/><\/a><a href=\"https:\/\/photos.app.goo.gl\/BAHtvuusrch2brUh9\"><img loading=\"lazy\" decoding=\"async\" class=\"wp-image-3831 aligncenter\" src=\"https:\/\/agora.xtec.cat\/ceip-antoni-gaudi\/wp-content\/uploads\/usu683\/2021\/10\/P\u00b7-10.jpg\" alt=\"\" width=\"400\" height=\"283\" srcset=\"https:\/\/agora.xtec.cat\/ceip-antoni-gaudi\/wp-content\/uploads\/usu683\/2021\/10\/P\u00b7-10.jpg 2000w, https:\/\/agora.xtec.cat\/ceip-antoni-gaudi\/wp-content\/uploads\/usu683\/2021\/10\/P\u00b7-10-300x212.jpg 300w, https:\/\/agora.xtec.cat\/ceip-antoni-gaudi\/wp-content\/uploads\/usu683\/2021\/10\/P\u00b7-10-1024x724.jpg 1024w, https:\/\/agora.xtec.cat\/ceip-antoni-gaudi\/wp-content\/uploads\/usu683\/2021\/10\/P\u00b7-10-768x543.jpg 768w, https:\/\/agora.xtec.cat\/ceip-antoni-gaudi\/wp-content\/uploads\/usu683\/2021\/10\/P\u00b7-10-1536x1086.jpg 1536w\" sizes=\"auto, (max-width: 400px) 100vw, 400px\" \/><\/a><\/p>\n","protected":false},"excerpt":{"rendered":"<p>Avui, els nens i nenes d&#8217;infantil hem celebrat La Castanyada! Ha estat una gran sorpresa la visita de la Marieta Castanyera!\u00a0Ens ha portat les millors castanyes de la muntanya!!<br \/>\nDespr\u00e9s, els nens i nenes de 6\u00e8 ens han representat uns\u00a0contes de la Castanyera d&#8217;all\u00f2 m\u00e9s divertits!&hellip;  <a href=\"https:\/\/agora.xtec.cat\/ceip-antoni-gaudi\/general\/la-castanyada-a-educacio-infantil-2\/\" title=\"Read LA CASTANYADA A EDUCACI\u00d3 INFANTIL!\">Llegeix m\u00e9s\u00bb<\/a><\/p>\n","protected":false},"author":6,"featured_media":516,"comment_status":"open","ping_status":"closed","sticky":false,"template":"","format":"standard","meta":{"_bbp_topic_count":0,"_bbp_reply_count":0,"_bbp_total_topic_count":0,"_bbp_total_reply_count":0,"_bbp_voice_count":0,"_bbp_anonymous_reply_count":0,"_bbp_topic_count_hidden":0,"_bbp_reply_count_hidden":0,"_bbp_forum_subforum_count":0,"footnotes":""},"categories":[1,3,8,9,2,4],"tags":[],"class_list":["post-3818","post","type-post","status-publish","format-standard","has-post-thumbnail","hentry","category-general","category-i3","category-i4","category-i5","category-infantil","category-portada"],"post_mailing_queue_ids":[],"_links":{"self":[{"href":"https:\/\/agora.xtec.cat\/ceip-antoni-gaudi\/wp-json\/wp\/v2\/posts\/3818","targetHints":{"allow":["GET"]}}],"collection":[{"href":"https:\/\/agora.xtec.cat\/ceip-antoni-gaudi\/wp-json\/wp\/v2\/posts"}],"about":[{"href":"https:\/\/agora.xtec.cat\/ceip-antoni-gaudi\/wp-json\/wp\/v2\/types\/post"}],"author":[{"embeddable":true,"href":"https:\/\/agora.xtec.cat\/ceip-antoni-gaudi\/wp-json\/wp\/v2\/users\/6"}],"replies":[{"embeddable":true,"href":"https:\/\/agora.xtec.cat\/ceip-antoni-gaudi\/wp-json\/wp\/v2\/comments?post=3818"}],"version-history":[{"count":3,"href":"https:\/\/agora.xtec.cat\/ceip-antoni-gaudi\/wp-json\/wp\/v2\/posts\/3818\/revisions"}],"predecessor-version":[{"id":3863,"href":"https:\/\/agora.xtec.cat\/ceip-antoni-gaudi\/wp-json\/wp\/v2\/posts\/3818\/revisions\/3863"}],"wp:featuredmedia":[{"embeddable":true,"href":"https:\/\/agora.xtec.cat\/ceip-antoni-gaudi\/wp-json\/wp\/v2\/media\/516"}],"wp:attachment":[{"href":"https:\/\/agora.xtec.cat\/ceip-antoni-gaudi\/wp-json\/wp\/v2\/media?parent=3818"}],"wp:term":[{"taxonomy":"category","embeddable":true,"href":"https:\/\/agora.xtec.cat\/ceip-antoni-gaudi\/wp-json\/wp\/v2\/categories?post=3818"},{"taxonomy":"post_tag","embeddable":true,"href":"https:\/\/agora.xtec.cat\/ceip-antoni-gaudi\/wp-json\/wp\/v2\/tags?post=3818"}],"curies":[{"name":"wp","href":"https:\/\/api.w.org\/{rel}","templated":true}]}}