{"id":3810,"date":"2021-10-25T15:13:59","date_gmt":"2021-10-25T13:13:59","guid":{"rendered":"https:\/\/agora.xtec.cat\/ceip-antoni-gaudi\/?p=3810"},"modified":"2021-10-25T15:15:42","modified_gmt":"2021-10-25T13:15:42","slug":"construim-un-cotxe","status":"publish","type":"post","link":"https:\/\/agora.xtec.cat\/ceip-antoni-gaudi\/general\/construim-un-cotxe\/","title":{"rendered":"Constru\u00efm un cotxe !"},"content":{"rendered":"<p>\u00c9s l&#8217;hora de dur els coneixements a la pr\u00e0ctica. Els nens i les nenes de 6\u00e8 posen en <span style=\"color: #ffcc00;\"><strong>pr\u00e0ctica <\/strong><\/span>el que han apr\u00e8s sobre els <span style=\"color: #00ff00;\"><strong>circuits el\u00e8ctrics<\/strong> <\/span>construint un cotxe \ud83d\ude98.<\/p>\n<p>Cliqueu la imatge per veure m\u00e9s.<\/p>\n<p><a href=\"https:\/\/photos.app.goo.gl\/dCjMp44dQBFcqe2C9\"><img loading=\"lazy\" decoding=\"async\" class=\"\" src=\"https:\/\/agora.xtec.cat\/ceip-antoni-gaudi\/wp-content\/uploads\/usu683\/2021\/10\/IMG-20211025-WA0004.jpg\" width=\"280\" height=\"373\" \/><\/a><\/p>\n","protected":false},"excerpt":{"rendered":"<p>\u00c9s l&#8217;hora de dur els coneixements a la pr\u00e0ctica. Els nens i les nenes de 6\u00e8 posen en pr\u00e0ctica el que han apr\u00e8s sobre els circuits el\u00e8ctrics construint un cotxe \ud83d\ude98.<br \/>\nCliqueu la imatge per veure m\u00e9s.<br \/>\n<a href=\"https:\/\/photos.app.goo.gl\/dCjMp44dQBFcqe2C9\"><\/a><\/p>\n","protected":false},"author":5,"featured_media":3811,"comment_status":"open","ping_status":"closed","sticky":false,"template":"","format":"standard","meta":{"_bbp_topic_count":0,"_bbp_reply_count":0,"_bbp_total_topic_count":0,"_bbp_total_reply_count":0,"_bbp_voice_count":0,"_bbp_anonymous_reply_count":0,"_bbp_topic_count_hidden":0,"_bbp_reply_count_hidden":0,"_bbp_forum_subforum_count":0,"footnotes":""},"categories":[1,15,4,229,5],"tags":[],"class_list":["post-3810","post","type-post","status-publish","format-standard","has-post-thumbnail","hentry","category-general","category-p6","category-portada","category-portada-portada","category-primaria"],"post_mailing_queue_ids":[],"_links":{"self":[{"href":"https:\/\/agora.xtec.cat\/ceip-antoni-gaudi\/wp-json\/wp\/v2\/posts\/3810","targetHints":{"allow":["GET"]}}],"collection":[{"href":"https:\/\/agora.xtec.cat\/ceip-antoni-gaudi\/wp-json\/wp\/v2\/posts"}],"about":[{"href":"https:\/\/agora.xtec.cat\/ceip-antoni-gaudi\/wp-json\/wp\/v2\/types\/post"}],"author":[{"embeddable":true,"href":"https:\/\/agora.xtec.cat\/ceip-antoni-gaudi\/wp-json\/wp\/v2\/users\/5"}],"replies":[{"embeddable":true,"href":"https:\/\/agora.xtec.cat\/ceip-antoni-gaudi\/wp-json\/wp\/v2\/comments?post=3810"}],"version-history":[{"count":2,"href":"https:\/\/agora.xtec.cat\/ceip-antoni-gaudi\/wp-json\/wp\/v2\/posts\/3810\/revisions"}],"predecessor-version":[{"id":3813,"href":"https:\/\/agora.xtec.cat\/ceip-antoni-gaudi\/wp-json\/wp\/v2\/posts\/3810\/revisions\/3813"}],"wp:featuredmedia":[{"embeddable":true,"href":"https:\/\/agora.xtec.cat\/ceip-antoni-gaudi\/wp-json\/wp\/v2\/media\/3811"}],"wp:attachment":[{"href":"https:\/\/agora.xtec.cat\/ceip-antoni-gaudi\/wp-json\/wp\/v2\/media?parent=3810"}],"wp:term":[{"taxonomy":"category","embeddable":true,"href":"https:\/\/agora.xtec.cat\/ceip-antoni-gaudi\/wp-json\/wp\/v2\/categories?post=3810"},{"taxonomy":"post_tag","embeddable":true,"href":"https:\/\/agora.xtec.cat\/ceip-antoni-gaudi\/wp-json\/wp\/v2\/tags?post=3810"}],"curies":[{"name":"wp","href":"https:\/\/api.w.org\/{rel}","templated":true}]}}